{"id":56574,"date":"2019-07-21T18:29:24","date_gmt":"2019-07-21T21:29:24","guid":{"rendered":"https:\/\/eldiariodesanpedro.com.ar\/sitio\/?p=56574"},"modified":"2019-07-21T18:29:28","modified_gmt":"2019-07-21T21:29:28","slug":"tres-aprehendidos-por-violencia-de-genero","status":"publish","type":"post","link":"https:\/\/eldiariodesanpedro.com.ar\/sitio\/tres-aprehendidos-por-violencia-de-genero\/","title":{"rendered":"Tres aprehendidos por violencia de g\u00e9nero"},"content":{"rendered":"<!-- VideographyWP Plugin Message: Automatic video embedding prevented by plugin options. -->\n\n<p>En la noche de s\u00e1bado en calle G\u00fcemes 769, se aprehende masculino mayor de edad, quien momentos antes se apersona en domicilio de su pareja a quien agrede f\u00edsicamente en rostro tras propinarle golpe de pu\u00f1o, y amenaza de muerte.&nbsp;<\/p>\n\n\n\n<p>El mismo d\u00eda en horas de la tarde, en Novillo y Sarmiento, se procede aprehensi\u00f3n masculino mayor de edad, quien momentos antes agrediera f\u00edsicamente sin causar lesi\u00f3n y amenazara de muerte a su pareja.&nbsp;<\/p>\n\n\n\n<p>Tambi\u00e9n en horas de la tarde, en Mateos Sbert y Alvear, se aprehende masculino mayor de edad, secuestrando su poder siete 7 proyectiles intactos de calibre 22, bocha nylon con la sustancia \u201ccoca\u00edna\u201d, quien se movilizado motocicleta Honda Storm 125 cc, cual presenta adulteraci\u00f3n y supresi\u00f3n en numeraci\u00f3n cuadro y motor, quien momentos antes se apersona Alvear al 1600, domicilio de su pareja, ocasionando da\u00f1os en abertura amenazando de muerte a misma. <br><\/p>\n","protected":false},"excerpt":{"rendered":"<p>En la noche de s\u00e1bado en calle G\u00fcemes 769, se aprehende masculino mayor de edad, quien momentos antes se apersona en domicilio de su pareja a quien agrede f\u00edsicamente en rostro tras propinarle golpe de pu\u00f1o, y amenaza de muerte.&nbsp; El mismo d\u00eda en horas de la tarde, en Novillo y Sarmiento, se procede aprehensi\u00f3n [&hellip;]<\/p>\n","protected":false},"author":4,"featured_media":56538,"comment_status":"open","ping_status":"closed","sticky":false,"template":"","format":"standard","meta":{"om_disable_all_campaigns":false,"_jetpack_memberships_contains_paid_content":false,"footnotes":""},"categories":[2,103],"tags":[],"class_list":["post-56574","post","type-post","status-publish","format-standard","has-post-thumbnail","hentry","category-locales","category-policiales-locales"],"aioseo_notices":[],"gutentor_comment":0,"jetpack_featured_media_url":"https:\/\/eldiariodesanpedro.com.ar\/sitio\/wp-content\/uploads\/2019\/07\/violencia-de-genero.jpg","jetpack_shortlink":"https:\/\/wp.me\/p6RhLt-eIu","jetpack_sharing_enabled":true,"_links":{"self":[{"href":"https:\/\/eldiariodesanpedro.com.ar\/sitio\/wp-json\/wp\/v2\/posts\/56574","targetHints":{"allow":["GET"]}}],"collection":[{"href":"https:\/\/eldiariodesanpedro.com.ar\/sitio\/wp-json\/wp\/v2\/posts"}],"about":[{"href":"https:\/\/eldiariodesanpedro.com.ar\/sitio\/wp-json\/wp\/v2\/types\/post"}],"author":[{"embeddable":true,"href":"https:\/\/eldiariodesanpedro.com.ar\/sitio\/wp-json\/wp\/v2\/users\/4"}],"replies":[{"embeddable":true,"href":"https:\/\/eldiariodesanpedro.com.ar\/sitio\/wp-json\/wp\/v2\/comments?post=56574"}],"version-history":[{"count":1,"href":"https:\/\/eldiariodesanpedro.com.ar\/sitio\/wp-json\/wp\/v2\/posts\/56574\/revisions"}],"predecessor-version":[{"id":56575,"href":"https:\/\/eldiariodesanpedro.com.ar\/sitio\/wp-json\/wp\/v2\/posts\/56574\/revisions\/56575"}],"wp:featuredmedia":[{"embeddable":true,"href":"https:\/\/eldiariodesanpedro.com.ar\/sitio\/wp-json\/wp\/v2\/media\/56538"}],"wp:attachment":[{"href":"https:\/\/eldiariodesanpedro.com.ar\/sitio\/wp-json\/wp\/v2\/media?parent=56574"}],"wp:term":[{"taxonomy":"category","embeddable":true,"href":"https:\/\/eldiariodesanpedro.com.ar\/sitio\/wp-json\/wp\/v2\/categories?post=56574"},{"taxonomy":"post_tag","embeddable":true,"href":"https:\/\/eldiariodesanpedro.com.ar\/sitio\/wp-json\/wp\/v2\/tags?post=56574"}],"curies":[{"name":"wp","href":"https:\/\/api.w.org\/{rel}","templated":true}]}}