{"id":56569,"date":"2019-07-21T17:47:18","date_gmt":"2019-07-21T20:47:18","guid":{"rendered":"https:\/\/eldiariodesanpedro.com.ar\/sitio\/?p=56569"},"modified":"2019-07-21T17:47:22","modified_gmt":"2019-07-21T20:47:22","slug":"presentacion-de-programas-para-el-fortalecimiento-de-empresas-y-pymes","status":"publish","type":"post","link":"https:\/\/eldiariodesanpedro.com.ar\/sitio\/presentacion-de-programas-para-el-fortalecimiento-de-empresas-y-pymes\/","title":{"rendered":"Presentaci\u00f3n de programas para el fortalecimiento de empresas y pymes"},"content":{"rendered":"<!-- VideographyWP Plugin Message: Automatic video embedding prevented by plugin options. -->\n\n<p>Con la organizaci\u00f3n de la Secretar\u00eda de Desarrollo Econ\u00f3mico de la Municipalidad de San Pedro, se realiz\u00f3 en la Casona de Turismo, una reuni\u00f3n con empresas y pymes de San Pedro y la zona para buscar el fortalecimiento de las mismas.<\/p>\n\n\n\n<p>Los programas presentados apuntan a la asistencia t\u00e9cnica, eficacia en la productividad, mejoramientos en los procesos y nuevas l\u00edneas, certificaciones en las exportaciones, sello de calidad\u00a0\u00a0y capacitaci\u00f3n de personal para implementar en cada una de las empresas.<\/p>\n\n\n\n<p>Los acuerdos presentados est\u00e1n vinculados al Instituto Nacional de Tecnolog\u00eda Industrial (INTI). En esta reuni\u00f3n, se presentaron los proyectos y luego se solicitar\u00e1n los requerimientos necesarios para la avanzar en la aplicaci\u00f3n.<\/p>\n\n\n\n<p>Participaron de la misma, el Secretario de Desarrollo Econ\u00f3mico Alfredo Camilletti; Valeria Espinosa, Mar\u00eda Eugenia Pedrido y Mauricio Baraschi del INTI; Mar\u00eda P\u00eda Grondona de Green Sed; Oscar Aboy de El Brocal; Juan Pablo Tosto de Ag\u00edes SA; Ver\u00f3nica L\u00f3pez de Arco de Oro; Pablo Actis, Javier Rigo, Ricardo Sianca de ARCOR SAIC; Roberto Artaza de Chimex Food SA y Miguel Iglesias por los cerveceros artesanales sampedrinos.<br><\/p>\n\n\n\n<figure class=\"wp-block-image\"><img decoding=\"async\" width=\"1024\" height=\"621\" data-attachment-id=\"56571\" data-permalink=\"https:\/\/eldiariodesanpedro.com.ar\/sitio\/presentacion-de-programas-para-el-fortalecimiento-de-empresas-y-pymes\/3-54\/\" data-orig-file=\"https:\/\/eldiariodesanpedro.com.ar\/sitio\/wp-content\/uploads\/2019\/07\/3-2-e1563741975562.jpg\" data-orig-size=\"1920,1165\" data-comments-opened=\"1\" data-image-meta=\"{&quot;aperture&quot;:&quot;4&quot;,&quot;credit&quot;:&quot;&quot;,&quot;camera&quot;:&quot;Canon EOS 5D Mark III&quot;,&quot;caption&quot;:&quot;&quot;,&quot;created_timestamp&quot;:&quot;1571152837&quot;,&quot;copyright&quot;:&quot;&quot;,&quot;focal_length&quot;:&quot;105&quot;,&quot;iso&quot;:&quot;1600&quot;,&quot;shutter_speed&quot;:&quot;0.016666666666667&quot;,&quot;title&quot;:&quot;&quot;,&quot;orientation&quot;:&quot;0&quot;}\" data-image-title=\"3\" data-image-description=\"\" data-image-caption=\"\" data-large-file=\"https:\/\/eldiariodesanpedro.com.ar\/sitio\/wp-content\/uploads\/2019\/07\/3-2-1024x621.jpg\" data-src=\"https:\/\/eldiariodesanpedro.com.ar\/sitio\/wp-content\/uploads\/2019\/07\/3-2-1024x621.jpg\" alt=\"\" class=\"wp-image-56571 lazyload\" src=\"data:image\/svg+xml;base64,PHN2ZyB3aWR0aD0iMSIgaGVpZ2h0PSIxIiB4bWxucz0iaHR0cDovL3d3dy53My5vcmcvMjAwMC9zdmciPjwvc3ZnPg==\" style=\"--smush-placeholder-width: 1024px; --smush-placeholder-aspect-ratio: 1024\/621;\" \/><\/figure>\n\n\n\n<figure class=\"wp-block-image\"><img decoding=\"async\" width=\"1024\" height=\"683\" data-attachment-id=\"56572\" data-permalink=\"https:\/\/eldiariodesanpedro.com.ar\/sitio\/presentacion-de-programas-para-el-fortalecimiento-de-empresas-y-pymes\/5-29\/\" data-orig-file=\"https:\/\/eldiariodesanpedro.com.ar\/sitio\/wp-content\/uploads\/2019\/07\/5-e1563741988742.jpg\" data-orig-size=\"1920,1280\" data-comments-opened=\"1\" data-image-meta=\"{&quot;aperture&quot;:&quot;4&quot;,&quot;credit&quot;:&quot;&quot;,&quot;camera&quot;:&quot;Canon EOS 5D Mark III&quot;,&quot;caption&quot;:&quot;&quot;,&quot;created_timestamp&quot;:&quot;1571152879&quot;,&quot;copyright&quot;:&quot;&quot;,&quot;focal_length&quot;:&quot;58&quot;,&quot;iso&quot;:&quot;1250&quot;,&quot;shutter_speed&quot;:&quot;0.0125&quot;,&quot;title&quot;:&quot;&quot;,&quot;orientation&quot;:&quot;0&quot;}\" data-image-title=\"5\" data-image-description=\"\" data-image-caption=\"\" data-large-file=\"https:\/\/eldiariodesanpedro.com.ar\/sitio\/wp-content\/uploads\/2019\/07\/5-1024x683.jpg\" data-src=\"https:\/\/eldiariodesanpedro.com.ar\/sitio\/wp-content\/uploads\/2019\/07\/5-1024x683.jpg\" alt=\"\" class=\"wp-image-56572 lazyload\" src=\"data:image\/svg+xml;base64,PHN2ZyB3aWR0aD0iMSIgaGVpZ2h0PSIxIiB4bWxucz0iaHR0cDovL3d3dy53My5vcmcvMjAwMC9zdmciPjwvc3ZnPg==\" style=\"--smush-placeholder-width: 1024px; --smush-placeholder-aspect-ratio: 1024\/683;\" \/><\/figure>\n","protected":false},"excerpt":{"rendered":"<p>Con la organizaci\u00f3n de la Secretar\u00eda de Desarrollo Econ\u00f3mico de la Municipalidad de San Pedro, se realiz\u00f3 en la Casona de Turismo, una reuni\u00f3n con empresas y pymes de San Pedro y la zona para buscar el fortalecimiento de las mismas. Los programas presentados apuntan a la asistencia t\u00e9cnica, eficacia en la productividad, mejoramientos en [&hellip;]<\/p>\n","protected":false},"author":4,"featured_media":56570,"comment_status":"open","ping_status":"closed","sticky":false,"template":"","format":"standard","meta":{"om_disable_all_campaigns":false,"_jetpack_memberships_contains_paid_content":false,"footnotes":""},"categories":[101,2],"tags":[],"class_list":["post-56569","post","type-post","status-publish","format-standard","has-post-thumbnail","hentry","category-interes-general-locales","category-locales"],"aioseo_notices":[],"gutentor_comment":0,"jetpack_featured_media_url":"https:\/\/eldiariodesanpedro.com.ar\/sitio\/wp-content\/uploads\/2019\/07\/1-4-e1563741963645.jpg","jetpack_shortlink":"https:\/\/wp.me\/p6RhLt-eIp","jetpack_sharing_enabled":true,"_links":{"self":[{"href":"https:\/\/eldiariodesanpedro.com.ar\/sitio\/wp-json\/wp\/v2\/posts\/56569","targetHints":{"allow":["GET"]}}],"collection":[{"href":"https:\/\/eldiariodesanpedro.com.ar\/sitio\/wp-json\/wp\/v2\/posts"}],"about":[{"href":"https:\/\/eldiariodesanpedro.com.ar\/sitio\/wp-json\/wp\/v2\/types\/post"}],"author":[{"embeddable":true,"href":"https:\/\/eldiariodesanpedro.com.ar\/sitio\/wp-json\/wp\/v2\/users\/4"}],"replies":[{"embeddable":true,"href":"https:\/\/eldiariodesanpedro.com.ar\/sitio\/wp-json\/wp\/v2\/comments?post=56569"}],"version-history":[{"count":1,"href":"https:\/\/eldiariodesanpedro.com.ar\/sitio\/wp-json\/wp\/v2\/posts\/56569\/revisions"}],"predecessor-version":[{"id":56573,"href":"https:\/\/eldiariodesanpedro.com.ar\/sitio\/wp-json\/wp\/v2\/posts\/56569\/revisions\/56573"}],"wp:featuredmedia":[{"embeddable":true,"href":"https:\/\/eldiariodesanpedro.com.ar\/sitio\/wp-json\/wp\/v2\/media\/56570"}],"wp:attachment":[{"href":"https:\/\/eldiariodesanpedro.com.ar\/sitio\/wp-json\/wp\/v2\/media?parent=56569"}],"wp:term":[{"taxonomy":"category","embeddable":true,"href":"https:\/\/eldiariodesanpedro.com.ar\/sitio\/wp-json\/wp\/v2\/categories?post=56569"},{"taxonomy":"post_tag","embeddable":true,"href":"https:\/\/eldiariodesanpedro.com.ar\/sitio\/wp-json\/wp\/v2\/tags?post=56569"}],"curies":[{"name":"wp","href":"https:\/\/api.w.org\/{rel}","templated":true}]}}