{"id":56562,"date":"2019-07-21T17:42:26","date_gmt":"2019-07-21T20:42:26","guid":{"rendered":"https:\/\/eldiariodesanpedro.com.ar\/sitio\/?p=56562"},"modified":"2019-07-21T17:42:30","modified_gmt":"2019-07-21T20:42:30","slug":"nueva-casa-para-una-familia-sampedrina-tras-incendio","status":"publish","type":"post","link":"https:\/\/eldiariodesanpedro.com.ar\/sitio\/nueva-casa-para-una-familia-sampedrina-tras-incendio\/","title":{"rendered":"Nueva casa para una familia sampedrina tras incendio"},"content":{"rendered":"<!-- VideographyWP Plugin Message: Automatic video embedding prevented by plugin options. -->\n\n<p> La Municipalidad de San Pedro realiz\u00f3, a trav\u00e9s de las Secretar\u00edas de Obras P\u00fablicas y Desarrollo Humano, las gestiones para que una familia de nuestra ciudad que sufri\u00f3 p\u00e9rdidas totales con el incendio de su vivienda, pueda recuperar un lugar donde vivir. Las necesidades siempre son mayores que las posibilidades de brindar una asistencia total a todos, pero la gravedad de este caso justificaba con creces las gestiones realizadas y con mucho orgullo compartimos esta novedad.<\/p>\n\n\n\n<p>Es importante destacar y agradecer, el gesto de Gabriel Leiva, quien construy\u00f3 la vivienda de forma gratuita y recibi\u00f3 un diploma de honor por parte de los vecinos. <\/p>\n\n\n\n<p>Recordemos que esta familia perdi\u00f3 todo en un voraz incendio que ocurri\u00f3 meses atr\u00e1s alrededor de las 20:30 hs donde se produjo un incendio en una precaria vivienda ubicada en calle 60 del barrio Futuro por lo que se desplaz\u00f3 una dotaci\u00f3n de Bomberos Voluntarios a cargo del Cabo Roberto Dornell.<\/p>\n\n\n\n<p>Seg\u00fan pudimos dialogar con el oficial a cargo de la dotaci\u00f3n las p\u00e9rdidas fueron totales, y del lugar fue socorrido un ni\u00f1o de alrededor de 2 a\u00f1os que se encontraba durmiendo, los padres del menor al momento del inicio del siniestro se encontraban en la casa contigua por lo que al darse cuenta de las llamas fue rescatado r\u00e1pidamente.<\/p>\n\n\n\n<p>Al momento de la llegada de los bomberos fue asistido por los mismos con ox\u00edgeno hasta la llegada del SAME para continuar con las atenciones primarias, sin sufrir lesiones.<\/p>\n\n\n\n<p>El motivo del incendio se cree que puede haber sido un desperfecto el\u00e9ctrico.<\/p>\n\n\n\n<figure class=\"wp-block-image\"><img decoding=\"async\" width=\"1024\" height=\"768\" data-attachment-id=\"56564\" data-permalink=\"https:\/\/eldiariodesanpedro.com.ar\/sitio\/nueva-casa-para-una-familia-sampedrina-tras-incendio\/2-67\/\" data-orig-file=\"https:\/\/eldiariodesanpedro.com.ar\/sitio\/wp-content\/uploads\/2019\/07\/2.jpeg\" data-orig-size=\"1280,960\" data-comments-opened=\"1\" data-image-meta=\"{&quot;aperture&quot;:&quot;0&quot;,&quot;credit&quot;:&quot;&quot;,&quot;camera&quot;:&quot;&quot;,&quot;caption&quot;:&quot;&quot;,&quot;created_timestamp&quot;:&quot;0&quot;,&quot;copyright&quot;:&quot;&quot;,&quot;focal_length&quot;:&quot;0&quot;,&quot;iso&quot;:&quot;0&quot;,&quot;shutter_speed&quot;:&quot;0&quot;,&quot;title&quot;:&quot;&quot;,&quot;orientation&quot;:&quot;0&quot;}\" data-image-title=\"2\" data-image-description=\"\" data-image-caption=\"\" data-large-file=\"https:\/\/eldiariodesanpedro.com.ar\/sitio\/wp-content\/uploads\/2019\/07\/2-1024x768.jpeg\" data-src=\"https:\/\/eldiariodesanpedro.com.ar\/sitio\/wp-content\/uploads\/2019\/07\/2-1024x768.jpeg\" alt=\"\" class=\"wp-image-56564 lazyload\" data-srcset=\"https:\/\/eldiariodesanpedro.com.ar\/sitio\/wp-content\/uploads\/2019\/07\/2-1024x768.jpeg 1024w, https:\/\/eldiariodesanpedro.com.ar\/sitio\/wp-content\/uploads\/2019\/07\/2-300x225.jpeg 300w, https:\/\/eldiariodesanpedro.com.ar\/sitio\/wp-content\/uploads\/2019\/07\/2-768x576.jpeg 768w, https:\/\/eldiariodesanpedro.com.ar\/sitio\/wp-content\/uploads\/2019\/07\/2.jpeg 1280w\" data-sizes=\"(max-width: 1024px) 100vw, 1024px\" src=\"data:image\/svg+xml;base64,PHN2ZyB3aWR0aD0iMSIgaGVpZ2h0PSIxIiB4bWxucz0iaHR0cDovL3d3dy53My5vcmcvMjAwMC9zdmciPjwvc3ZnPg==\" style=\"--smush-placeholder-width: 1024px; --smush-placeholder-aspect-ratio: 1024\/768;\" \/><\/figure>\n\n\n\n<figure class=\"wp-block-image\"><img decoding=\"async\" width=\"1024\" height=\"768\" data-attachment-id=\"56565\" data-permalink=\"https:\/\/eldiariodesanpedro.com.ar\/sitio\/nueva-casa-para-una-familia-sampedrina-tras-incendio\/3-53\/\" data-orig-file=\"https:\/\/eldiariodesanpedro.com.ar\/sitio\/wp-content\/uploads\/2019\/07\/3.jpeg\" data-orig-size=\"1280,960\" data-comments-opened=\"1\" data-image-meta=\"{&quot;aperture&quot;:&quot;0&quot;,&quot;credit&quot;:&quot;&quot;,&quot;camera&quot;:&quot;&quot;,&quot;caption&quot;:&quot;&quot;,&quot;created_timestamp&quot;:&quot;0&quot;,&quot;copyright&quot;:&quot;&quot;,&quot;focal_length&quot;:&quot;0&quot;,&quot;iso&quot;:&quot;0&quot;,&quot;shutter_speed&quot;:&quot;0&quot;,&quot;title&quot;:&quot;&quot;,&quot;orientation&quot;:&quot;0&quot;}\" data-image-title=\"3\" data-image-description=\"\" data-image-caption=\"\" data-large-file=\"https:\/\/eldiariodesanpedro.com.ar\/sitio\/wp-content\/uploads\/2019\/07\/3-1024x768.jpeg\" data-src=\"https:\/\/eldiariodesanpedro.com.ar\/sitio\/wp-content\/uploads\/2019\/07\/3-1024x768.jpeg\" alt=\"\" class=\"wp-image-56565 lazyload\" data-srcset=\"https:\/\/eldiariodesanpedro.com.ar\/sitio\/wp-content\/uploads\/2019\/07\/3-1024x768.jpeg 1024w, https:\/\/eldiariodesanpedro.com.ar\/sitio\/wp-content\/uploads\/2019\/07\/3-300x225.jpeg 300w, https:\/\/eldiariodesanpedro.com.ar\/sitio\/wp-content\/uploads\/2019\/07\/3-768x576.jpeg 768w, https:\/\/eldiariodesanpedro.com.ar\/sitio\/wp-content\/uploads\/2019\/07\/3.jpeg 1280w\" data-sizes=\"(max-width: 1024px) 100vw, 1024px\" src=\"data:image\/svg+xml;base64,PHN2ZyB3aWR0aD0iMSIgaGVpZ2h0PSIxIiB4bWxucz0iaHR0cDovL3d3dy53My5vcmcvMjAwMC9zdmciPjwvc3ZnPg==\" style=\"--smush-placeholder-width: 1024px; --smush-placeholder-aspect-ratio: 1024\/768;\" \/><\/figure>\n\n\n\n<figure class=\"wp-block-image\"><img decoding=\"async\" width=\"660\" height=\"321\" data-attachment-id=\"56566\" data-permalink=\"https:\/\/eldiariodesanpedro.com.ar\/sitio\/nueva-casa-para-una-familia-sampedrina-tras-incendio\/20190119_214323-3\/\" data-orig-file=\"https:\/\/eldiariodesanpedro.com.ar\/sitio\/wp-content\/uploads\/2019\/07\/20190119_214323.jpg\" data-orig-size=\"660,321\" data-comments-opened=\"1\" data-image-meta=\"{&quot;aperture&quot;:&quot;1.7&quot;,&quot;credit&quot;:&quot;&quot;,&quot;camera&quot;:&quot;SM-N950F&quot;,&quot;caption&quot;:&quot;&quot;,&quot;created_timestamp&quot;:&quot;1547934203&quot;,&quot;copyright&quot;:&quot;&quot;,&quot;focal_length&quot;:&quot;4.3&quot;,&quot;iso&quot;:&quot;500&quot;,&quot;shutter_speed&quot;:&quot;0.1&quot;,&quot;title&quot;:&quot;&quot;,&quot;orientation&quot;:&quot;1&quot;}\" data-image-title=\"20190119_214323\" data-image-description=\"\" data-image-caption=\"\" data-large-file=\"https:\/\/eldiariodesanpedro.com.ar\/sitio\/wp-content\/uploads\/2019\/07\/20190119_214323.jpg\" data-src=\"https:\/\/eldiariodesanpedro.com.ar\/sitio\/wp-content\/uploads\/2019\/07\/20190119_214323.jpg\" alt=\"\" class=\"wp-image-56566 lazyload\" data-srcset=\"https:\/\/eldiariodesanpedro.com.ar\/sitio\/wp-content\/uploads\/2019\/07\/20190119_214323.jpg 660w, https:\/\/eldiariodesanpedro.com.ar\/sitio\/wp-content\/uploads\/2019\/07\/20190119_214323-300x146.jpg 300w\" data-sizes=\"(max-width: 660px) 100vw, 660px\" src=\"data:image\/svg+xml;base64,PHN2ZyB3aWR0aD0iMSIgaGVpZ2h0PSIxIiB4bWxucz0iaHR0cDovL3d3dy53My5vcmcvMjAwMC9zdmciPjwvc3ZnPg==\" style=\"--smush-placeholder-width: 660px; --smush-placeholder-aspect-ratio: 660\/321;\" \/><\/figure>\n","protected":false},"excerpt":{"rendered":"<p>La Municipalidad de San Pedro realiz\u00f3, a trav\u00e9s de las Secretar\u00edas de Obras P\u00fablicas y Desarrollo Humano, las gestiones para que una familia de nuestra ciudad que sufri\u00f3 p\u00e9rdidas totales con el incendio de su vivienda, pueda recuperar un lugar donde vivir. Las necesidades siempre son mayores que las posibilidades de brindar una asistencia total [&hellip;]<\/p>\n","protected":false},"author":4,"featured_media":56563,"comment_status":"open","ping_status":"closed","sticky":false,"template":"","format":"standard","meta":{"om_disable_all_campaigns":false,"_jetpack_memberships_contains_paid_content":false,"footnotes":""},"categories":[50,101,2],"tags":[],"class_list":["post-56562","post","type-post","status-publish","format-standard","has-post-thumbnail","hentry","category-destacadas","category-interes-general-locales","category-locales"],"aioseo_notices":[],"gutentor_comment":0,"jetpack_featured_media_url":"https:\/\/eldiariodesanpedro.com.ar\/sitio\/wp-content\/uploads\/2019\/07\/1.jpeg","jetpack_shortlink":"https:\/\/wp.me\/p6RhLt-eIi","jetpack_sharing_enabled":true,"_links":{"self":[{"href":"https:\/\/eldiariodesanpedro.com.ar\/sitio\/wp-json\/wp\/v2\/posts\/56562","targetHints":{"allow":["GET"]}}],"collection":[{"href":"https:\/\/eldiariodesanpedro.com.ar\/sitio\/wp-json\/wp\/v2\/posts"}],"about":[{"href":"https:\/\/eldiariodesanpedro.com.ar\/sitio\/wp-json\/wp\/v2\/types\/post"}],"author":[{"embeddable":true,"href":"https:\/\/eldiariodesanpedro.com.ar\/sitio\/wp-json\/wp\/v2\/users\/4"}],"replies":[{"embeddable":true,"href":"https:\/\/eldiariodesanpedro.com.ar\/sitio\/wp-json\/wp\/v2\/comments?post=56562"}],"version-history":[{"count":1,"href":"https:\/\/eldiariodesanpedro.com.ar\/sitio\/wp-json\/wp\/v2\/posts\/56562\/revisions"}],"predecessor-version":[{"id":56567,"href":"https:\/\/eldiariodesanpedro.com.ar\/sitio\/wp-json\/wp\/v2\/posts\/56562\/revisions\/56567"}],"wp:featuredmedia":[{"embeddable":true,"href":"https:\/\/eldiariodesanpedro.com.ar\/sitio\/wp-json\/wp\/v2\/media\/56563"}],"wp:attachment":[{"href":"https:\/\/eldiariodesanpedro.com.ar\/sitio\/wp-json\/wp\/v2\/media?parent=56562"}],"wp:term":[{"taxonomy":"category","embeddable":true,"href":"https:\/\/eldiariodesanpedro.com.ar\/sitio\/wp-json\/wp\/v2\/categories?post=56562"},{"taxonomy":"post_tag","embeddable":true,"href":"https:\/\/eldiariodesanpedro.com.ar\/sitio\/wp-json\/wp\/v2\/tags?post=56562"}],"curies":[{"name":"wp","href":"https:\/\/api.w.org\/{rel}","templated":true}]}}