{"id":5656,"date":"2016-06-22T20:24:55","date_gmt":"2016-06-22T23:24:55","guid":{"rendered":"https:\/\/eldiariodesanpedro.com.ar\/sitio\/?p=5656"},"modified":"2016-06-22T20:24:55","modified_gmt":"2016-06-22T23:24:55","slug":"corte-programado-de-energia","status":"publish","type":"post","link":"https:\/\/eldiariodesanpedro.com.ar\/sitio\/corte-programado-de-energia\/","title":{"rendered":"Corte programado de energ\u00eda"},"content":{"rendered":"<p><!-- VideographyWP Plugin Message: Automatic video embedding prevented by plugin options. --><br \/>\nLa Coopser ha dado a conocer que hoy se realizar\u00e1 un corte de energ\u00eda el\u00e9ctrica en las l\u00edneas de baja tensi\u00f3n, comprendiendo la zona delimitada por las calles Miguel Porta, Riobamba, 11 de Septiembre y Aul\u00ed.<br \/>\nEl corte es necesario para el cambio de una columna y se extender\u00e1 desde las 8.00 hasta las 11.00. <\/p>\n","protected":false},"excerpt":{"rendered":"<p>La Coopser ha dado a conocer que hoy se realizar\u00e1 un corte de energ\u00eda el\u00e9ctrica en las l\u00edneas de baja tensi\u00f3n, comprendiendo la zona delimitada por las calles Miguel Porta, Riobamba, 11 de Septiembre y Aul\u00ed. El corte es necesario para el cambio de una columna y se extender\u00e1 desde las 8.00 hasta las 11.00.<\/p>\n","protected":false},"author":4,"featured_media":2489,"comment_status":"open","ping_status":"closed","sticky":false,"template":"","format":"standard","meta":{"om_disable_all_campaigns":false,"_jetpack_memberships_contains_paid_content":false,"footnotes":""},"categories":[101,2],"tags":[],"class_list":["post-5656","post","type-post","status-publish","format-standard","has-post-thumbnail","hentry","category-interes-general-locales","category-locales"],"aioseo_notices":[],"gutentor_comment":0,"jetpack_featured_media_url":"https:\/\/eldiariodesanpedro.com.ar\/sitio\/wp-content\/uploads\/2016\/03\/COOPSER.jpg","jetpack_shortlink":"https:\/\/wp.me\/p6RhLt-1te","jetpack_sharing_enabled":true,"_links":{"self":[{"href":"https:\/\/eldiariodesanpedro.com.ar\/sitio\/wp-json\/wp\/v2\/posts\/5656","targetHints":{"allow":["GET"]}}],"collection":[{"href":"https:\/\/eldiariodesanpedro.com.ar\/sitio\/wp-json\/wp\/v2\/posts"}],"about":[{"href":"https:\/\/eldiariodesanpedro.com.ar\/sitio\/wp-json\/wp\/v2\/types\/post"}],"author":[{"embeddable":true,"href":"https:\/\/eldiariodesanpedro.com.ar\/sitio\/wp-json\/wp\/v2\/users\/4"}],"replies":[{"embeddable":true,"href":"https:\/\/eldiariodesanpedro.com.ar\/sitio\/wp-json\/wp\/v2\/comments?post=5656"}],"version-history":[{"count":1,"href":"https:\/\/eldiariodesanpedro.com.ar\/sitio\/wp-json\/wp\/v2\/posts\/5656\/revisions"}],"predecessor-version":[{"id":5657,"href":"https:\/\/eldiariodesanpedro.com.ar\/sitio\/wp-json\/wp\/v2\/posts\/5656\/revisions\/5657"}],"wp:featuredmedia":[{"embeddable":true,"href":"https:\/\/eldiariodesanpedro.com.ar\/sitio\/wp-json\/wp\/v2\/media\/2489"}],"wp:attachment":[{"href":"https:\/\/eldiariodesanpedro.com.ar\/sitio\/wp-json\/wp\/v2\/media?parent=5656"}],"wp:term":[{"taxonomy":"category","embeddable":true,"href":"https:\/\/eldiariodesanpedro.com.ar\/sitio\/wp-json\/wp\/v2\/categories?post=5656"},{"taxonomy":"post_tag","embeddable":true,"href":"https:\/\/eldiariodesanpedro.com.ar\/sitio\/wp-json\/wp\/v2\/tags?post=5656"}],"curies":[{"name":"wp","href":"https:\/\/api.w.org\/{rel}","templated":true}]}}