{"id":56558,"date":"2019-07-20T11:22:50","date_gmt":"2019-07-20T14:22:50","guid":{"rendered":"https:\/\/eldiariodesanpedro.com.ar\/sitio\/?p=56558"},"modified":"2019-07-20T11:22:54","modified_gmt":"2019-07-20T14:22:54","slug":"san-nicolas-un-joven-detenido-por-asalto-a-una-estacion-de-servicio","status":"publish","type":"post","link":"https:\/\/eldiariodesanpedro.com.ar\/sitio\/san-nicolas-un-joven-detenido-por-asalto-a-una-estacion-de-servicio\/","title":{"rendered":"SAN NICOLAS: Un joven detenido por asalto a una estacion de servicio"},"content":{"rendered":"<!-- VideographyWP Plugin Message: Automatic video embedding prevented by plugin options. -->\n\n<p>La jornada transcurr\u00eda tranquila en el autoservicio de calle Irigoyen al 1170 del barrio Avambae, hasta que un sujeto ingres\u00f3 intempestivamente intimidando con un arma de fuego y tras pegarle un culatazo en la cabeza le sustrajo el dinero que hab\u00eda en la caja registradora.<\/p>\n\n\n\n<p>Alguien que vio lo que suced\u00eda llam\u00f3 al 911 y unos minutos despu\u00e9s personal del gabinete criminol\u00f3gico en forma conjunta con personal del Comando de Patrullas, D.D.I., U.P.P.L., realizaron diferentes tareas de inteligencia en el lugar e implementaron un operativo cerrojo interceptando muy cerca del autoservicio a tres sujetos dos de ellos mayores de edad (de 36 y 32) y un menor de edad de 17 a\u00f1os que al intentar ser identificados se resistieron por lo cual terminaron siendo aprehendidos bajo la calificaci\u00f3n de \u201cResistencia a la autoridad\u201d.<\/p>\n\n\n\n<p>Mientras tanto la investigaci\u00f3n continu\u00f3 a partir de datos obtenidos, y lograron se librara una orden de allanamiento urgente sobre una vivienda de calle Irigoyen sin n\u00famero. <\/p>\n\n\n\n<p>Ya en la casa de calle Irigoyen S\/N, aprehendieron a un joven de 29 a\u00f1os, y secuestraron un arma de fuego tipo escopeta recortada marca Mahely, calibre 20\/20 con numeraci\u00f3n suprimida, 1 cartucho de guerra sin percutar, una suma de dinero en efectivo discriminado en billetes de varias denominaciones, una campera inflable color negro, un par de anteojos de sol, y un gorro de lana. <\/p>\n\n\n\n<p>fuente: dIARIO eL nORTE<\/p>\n","protected":false},"excerpt":{"rendered":"<p>La jornada transcurr\u00eda tranquila en el autoservicio de calle Irigoyen al 1170 del barrio Avambae, hasta que un sujeto ingres\u00f3 intempestivamente intimidando con un arma de fuego y tras pegarle un culatazo en la cabeza le sustrajo el dinero que hab\u00eda en la caja registradora. Alguien que vio lo que suced\u00eda llam\u00f3 al 911 y [&hellip;]<\/p>\n","protected":false},"author":4,"featured_media":56559,"comment_status":"open","ping_status":"closed","sticky":false,"template":"","format":"standard","meta":{"om_disable_all_campaigns":false,"_jetpack_memberships_contains_paid_content":false,"footnotes":""},"categories":[621],"tags":[],"class_list":["post-56558","post","type-post","status-publish","format-standard","has-post-thumbnail","hentry","category-regionales"],"aioseo_notices":[],"gutentor_comment":0,"jetpack_featured_media_url":"https:\/\/eldiariodesanpedro.com.ar\/sitio\/wp-content\/uploads\/2019\/07\/0-4.jpg","jetpack_shortlink":"https:\/\/wp.me\/p6RhLt-eIe","jetpack_sharing_enabled":true,"_links":{"self":[{"href":"https:\/\/eldiariodesanpedro.com.ar\/sitio\/wp-json\/wp\/v2\/posts\/56558","targetHints":{"allow":["GET"]}}],"collection":[{"href":"https:\/\/eldiariodesanpedro.com.ar\/sitio\/wp-json\/wp\/v2\/posts"}],"about":[{"href":"https:\/\/eldiariodesanpedro.com.ar\/sitio\/wp-json\/wp\/v2\/types\/post"}],"author":[{"embeddable":true,"href":"https:\/\/eldiariodesanpedro.com.ar\/sitio\/wp-json\/wp\/v2\/users\/4"}],"replies":[{"embeddable":true,"href":"https:\/\/eldiariodesanpedro.com.ar\/sitio\/wp-json\/wp\/v2\/comments?post=56558"}],"version-history":[{"count":1,"href":"https:\/\/eldiariodesanpedro.com.ar\/sitio\/wp-json\/wp\/v2\/posts\/56558\/revisions"}],"predecessor-version":[{"id":56560,"href":"https:\/\/eldiariodesanpedro.com.ar\/sitio\/wp-json\/wp\/v2\/posts\/56558\/revisions\/56560"}],"wp:featuredmedia":[{"embeddable":true,"href":"https:\/\/eldiariodesanpedro.com.ar\/sitio\/wp-json\/wp\/v2\/media\/56559"}],"wp:attachment":[{"href":"https:\/\/eldiariodesanpedro.com.ar\/sitio\/wp-json\/wp\/v2\/media?parent=56558"}],"wp:term":[{"taxonomy":"category","embeddable":true,"href":"https:\/\/eldiariodesanpedro.com.ar\/sitio\/wp-json\/wp\/v2\/categories?post=56558"},{"taxonomy":"post_tag","embeddable":true,"href":"https:\/\/eldiariodesanpedro.com.ar\/sitio\/wp-json\/wp\/v2\/tags?post=56558"}],"curies":[{"name":"wp","href":"https:\/\/api.w.org\/{rel}","templated":true}]}}