{"id":56556,"date":"2019-07-20T11:11:30","date_gmt":"2019-07-20T14:11:30","guid":{"rendered":"https:\/\/eldiariodesanpedro.com.ar\/sitio\/?p=56556"},"modified":"2019-07-20T11:11:35","modified_gmt":"2019-07-20T14:11:35","slug":"le-robaron-la-tele-y-una-moto","status":"publish","type":"post","link":"https:\/\/eldiariodesanpedro.com.ar\/sitio\/le-robaron-la-tele-y-una-moto\/","title":{"rendered":"Le robaron la tele y una moto"},"content":{"rendered":"<!-- VideographyWP Plugin Message: Automatic video embedding prevented by plugin options. -->\n\n<p>Delincuentes ignorados ingresaron a una vivienda , su propietaria los escucho y pudo observar como se llevaban una motocicleta y un televisor.<\/p>\n\n\n\n<p>Sucedi\u00f3 por la madrugada d este sabado, una ciudadana de 46 a\u00f1os de edad, escucho ruidos en su casa y al levantarse dio cuenta que hab\u00eda malvivientes en su casa.<\/p>\n\n\n\n<p>A los pocos minutos observa por la ventana como se daban a la fuga con los elementos.<\/p>\n\n\n\n<p>En el patio encontr\u00f3 una bicicleta ademas, que seria descartada y abandonada por los delincuentes.<\/p>\n\n\n\n<p>La denuncia fue radicada en la dependencia local interviniendo la fiscalia en turno.<\/p>\n\n\n\n<p><\/p>\n","protected":false},"excerpt":{"rendered":"<p>Delincuentes ignorados ingresaron a una vivienda , su propietaria los escucho y pudo observar como se llevaban una motocicleta y un televisor. Sucedi\u00f3 por la madrugada d este sabado, una ciudadana de 46 a\u00f1os de edad, escucho ruidos en su casa y al levantarse dio cuenta que hab\u00eda malvivientes en su casa. A los pocos [&hellip;]<\/p>\n","protected":false},"author":4,"featured_media":56528,"comment_status":"open","ping_status":"closed","sticky":false,"template":"","format":"standard","meta":{"om_disable_all_campaigns":false,"_jetpack_memberships_contains_paid_content":false,"footnotes":""},"categories":[2,103],"tags":[],"class_list":["post-56556","post","type-post","status-publish","format-standard","has-post-thumbnail","hentry","category-locales","category-policiales-locales"],"aioseo_notices":[],"gutentor_comment":0,"jetpack_featured_media_url":"https:\/\/eldiariodesanpedro.com.ar\/sitio\/wp-content\/uploads\/2019\/07\/patrulla66-1024x680.jpg","jetpack_shortlink":"https:\/\/wp.me\/p6RhLt-eIc","jetpack_sharing_enabled":true,"_links":{"self":[{"href":"https:\/\/eldiariodesanpedro.com.ar\/sitio\/wp-json\/wp\/v2\/posts\/56556","targetHints":{"allow":["GET"]}}],"collection":[{"href":"https:\/\/eldiariodesanpedro.com.ar\/sitio\/wp-json\/wp\/v2\/posts"}],"about":[{"href":"https:\/\/eldiariodesanpedro.com.ar\/sitio\/wp-json\/wp\/v2\/types\/post"}],"author":[{"embeddable":true,"href":"https:\/\/eldiariodesanpedro.com.ar\/sitio\/wp-json\/wp\/v2\/users\/4"}],"replies":[{"embeddable":true,"href":"https:\/\/eldiariodesanpedro.com.ar\/sitio\/wp-json\/wp\/v2\/comments?post=56556"}],"version-history":[{"count":1,"href":"https:\/\/eldiariodesanpedro.com.ar\/sitio\/wp-json\/wp\/v2\/posts\/56556\/revisions"}],"predecessor-version":[{"id":56557,"href":"https:\/\/eldiariodesanpedro.com.ar\/sitio\/wp-json\/wp\/v2\/posts\/56556\/revisions\/56557"}],"wp:featuredmedia":[{"embeddable":true,"href":"https:\/\/eldiariodesanpedro.com.ar\/sitio\/wp-json\/wp\/v2\/media\/56528"}],"wp:attachment":[{"href":"https:\/\/eldiariodesanpedro.com.ar\/sitio\/wp-json\/wp\/v2\/media?parent=56556"}],"wp:term":[{"taxonomy":"category","embeddable":true,"href":"https:\/\/eldiariodesanpedro.com.ar\/sitio\/wp-json\/wp\/v2\/categories?post=56556"},{"taxonomy":"post_tag","embeddable":true,"href":"https:\/\/eldiariodesanpedro.com.ar\/sitio\/wp-json\/wp\/v2\/tags?post=56556"}],"curies":[{"name":"wp","href":"https:\/\/api.w.org\/{rel}","templated":true}]}}