{"id":56551,"date":"2019-07-20T10:48:07","date_gmt":"2019-07-20T13:48:07","guid":{"rendered":"https:\/\/eldiariodesanpedro.com.ar\/sitio\/?p=56551"},"modified":"2019-07-20T11:04:23","modified_gmt":"2019-07-20T14:04:23","slug":"adolescente-golpeada-tras-hecho-delictivo","status":"publish","type":"post","link":"https:\/\/eldiariodesanpedro.com.ar\/sitio\/adolescente-golpeada-tras-hecho-delictivo\/","title":{"rendered":"Adolescente golpeada tras hecho delictivo"},"content":{"rendered":"<!-- VideographyWP Plugin Message: Automatic video embedding prevented by plugin options. -->\n\n<p>Una menor de 15 a\u00f1os de edad fue sorprendida por dos delincuentes quienes la golpean en la v\u00eda p\u00fablica para arrebatarle su celular.<\/p>\n\n\n\n<p>El hecho sucedi\u00f3 por la noche de este viernes, la joven circulaba sola por calle Puyrredon cuando es abordada por dos malvivientes que la golpean para sustraer el celular y emprenden fuga.<\/p>\n\n\n\n<p>La denuncia fue radicada en la comisaria local interviniendo la fiscalia en turno tomando medidas de rigor.<\/p>\n\n\n\n<p><\/p>\n","protected":false},"excerpt":{"rendered":"<p>Una menor de 15 a\u00f1os de edad fue sorprendida por dos delincuentes quienes la golpean en la v\u00eda p\u00fablica para arrebatarle su celular. El hecho sucedi\u00f3 por la noche de este viernes, la joven circulaba sola por calle Puyrredon cuando es abordada por dos malvivientes que la golpean para sustraer el celular y emprenden fuga. [&hellip;]<\/p>\n","protected":false},"author":4,"featured_media":56555,"comment_status":"open","ping_status":"closed","sticky":false,"template":"","format":"standard","meta":{"om_disable_all_campaigns":false,"_jetpack_memberships_contains_paid_content":false,"footnotes":""},"categories":[2,103],"tags":[],"class_list":["post-56551","post","type-post","status-publish","format-standard","has-post-thumbnail","hentry","category-locales","category-policiales-locales"],"aioseo_notices":[],"gutentor_comment":0,"jetpack_featured_media_url":"https:\/\/eldiariodesanpedro.com.ar\/sitio\/wp-content\/uploads\/2019\/07\/715x402_54f45c51b7arrebato-celular.jpg","jetpack_shortlink":"https:\/\/wp.me\/p6RhLt-eI7","jetpack_sharing_enabled":true,"_links":{"self":[{"href":"https:\/\/eldiariodesanpedro.com.ar\/sitio\/wp-json\/wp\/v2\/posts\/56551","targetHints":{"allow":["GET"]}}],"collection":[{"href":"https:\/\/eldiariodesanpedro.com.ar\/sitio\/wp-json\/wp\/v2\/posts"}],"about":[{"href":"https:\/\/eldiariodesanpedro.com.ar\/sitio\/wp-json\/wp\/v2\/types\/post"}],"author":[{"embeddable":true,"href":"https:\/\/eldiariodesanpedro.com.ar\/sitio\/wp-json\/wp\/v2\/users\/4"}],"replies":[{"embeddable":true,"href":"https:\/\/eldiariodesanpedro.com.ar\/sitio\/wp-json\/wp\/v2\/comments?post=56551"}],"version-history":[{"count":2,"href":"https:\/\/eldiariodesanpedro.com.ar\/sitio\/wp-json\/wp\/v2\/posts\/56551\/revisions"}],"predecessor-version":[{"id":56554,"href":"https:\/\/eldiariodesanpedro.com.ar\/sitio\/wp-json\/wp\/v2\/posts\/56551\/revisions\/56554"}],"wp:featuredmedia":[{"embeddable":true,"href":"https:\/\/eldiariodesanpedro.com.ar\/sitio\/wp-json\/wp\/v2\/media\/56555"}],"wp:attachment":[{"href":"https:\/\/eldiariodesanpedro.com.ar\/sitio\/wp-json\/wp\/v2\/media?parent=56551"}],"wp:term":[{"taxonomy":"category","embeddable":true,"href":"https:\/\/eldiariodesanpedro.com.ar\/sitio\/wp-json\/wp\/v2\/categories?post=56551"},{"taxonomy":"post_tag","embeddable":true,"href":"https:\/\/eldiariodesanpedro.com.ar\/sitio\/wp-json\/wp\/v2\/tags?post=56551"}],"curies":[{"name":"wp","href":"https:\/\/api.w.org\/{rel}","templated":true}]}}