{"id":56548,"date":"2019-07-20T10:30:21","date_gmt":"2019-07-20T13:30:21","guid":{"rendered":"https:\/\/eldiariodesanpedro.com.ar\/sitio\/?p=56548"},"modified":"2019-07-20T10:31:02","modified_gmt":"2019-07-20T13:31:02","slug":"provincia-la-provincia-autorizo-un-aumento-en-el-precio-de-la-vtv","status":"publish","type":"post","link":"https:\/\/eldiariodesanpedro.com.ar\/sitio\/provincia-la-provincia-autorizo-un-aumento-en-el-precio-de-la-vtv\/","title":{"rendered":"PROVINCIA: La Provincia autoriz\u00f3 un aumento en el precio de la VTV"},"content":{"rendered":"<!-- VideographyWP Plugin Message: Automatic video embedding prevented by plugin options. -->\n\n<p>A trav\u00e9s de una resoluci\u00f3n, la tarifa de la revisi\u00f3n de veh\u00edculos se incrementar\u00e1 un 26,4%. Con el nuevo cuadro tarifario, un veh\u00edculo liviano pagar\u00e1 m\u00e1s de 1.100 pesos.<\/p>\n\n\n\n<p>El gobierno bonaerense autoriz\u00f3 un incremento del 26,4% en la Verificaci\u00f3n T\u00e9cnica Vehicular en la Provincia, a trav\u00e9s de una resoluci\u00f3n que lleva la firma del minsitro de Infraestructura, Roberto Gigante.<\/p>\n\n\n\n<p>La normativa 1029 se\u00f1ala: \u00abAprobar, a partir de la fecha de publicaci\u00f3n de la presente, el valor m\u00e1ximo de la tarifa b\u00e1sica del servicio de verificaci\u00f3n t\u00e9cnica vehicular (VTV) de la provincia de Buenos Aires en la suma de $ 916,35 m\u00e1s el Impuesto al Valor Agregado\u00bb.<\/p>\n\n\n\n<p>La resoluci\u00f3n explica que a partir de esa tarifa b\u00e1sica \u00abse conformar\u00e1n las restantes categor\u00edas del cuadro tarifario del servicio de verificaci\u00f3n t\u00e9cnica vehicular\u00bb.<\/p>\n\n\n\n<p>De acuerdo con el nuevo cuadro tarifario, los motoveh\u00edculos pagar\u00e1n $332.64; los veh\u00edculos livianos $1.108.78; los veh\u00edculos de m\u00e1s de 2.500 kg. $1.995.81; los remolques y acoplados livianos $554.39; y los Remolques y acoplados de m\u00e1s de 2.500 kg. $997.91.<\/p>\n\n\n\n<p>Adem\u00e1s, las tarifas con VTV vigente ser\u00e1n: motoveh\u00edculos $166.32; veh\u00edculos livianos $ 1.025.62; veh\u00edculos de m\u00e1s de 2500 kg. $1.846.12; remolques y acoplados livianos $512.81; y remolques y acoplados de m\u00e1s de 2.500 kg. $923.06.<\/p>\n\n\n\n<p>Para los veh\u00edculos de m\u00e1s de 20 a\u00f1os con VTV, las tarifas son: veh\u00edculos livianos $554.39; veh\u00edculos de m\u00e1s de 2.500 kg. $997.91; remolques y acoplados livianos $277.20; remolques y acoplados de m\u00e1s de 2.500 kg. $498.95; mientras los veh\u00edculos de personas con discapacidad motriz y de uso municipal y bomberos est\u00e1n exentos de pago.<\/p>\n\n\n\n<p>La normativa aprobada detalla que las empresas concesionarias de la VTV, a trav\u00e9s de la C\u00e1mara Argentina de Verificadores de Automotores, presentaron ante el ente de control el requerimiento de revisi\u00f3n extraordinaria de tarifas.<\/p>\n\n\n\n<p>En tal sentido, explic\u00f3 que se \u00abcalcul\u00f3 la tarifa b\u00e1sica necesaria para establecer el equilibrio econ\u00f3mico de la prestaci\u00f3n y manifest\u00f3 que la tarifa necesaria para equilibrar la estructura econ\u00f3mica del Modelo Concesionario VTV asciende a $ 916,35 -sin IVA-, lo cual representa un incremento del 26.43% sobre la tarifa vigente\u00bb.<\/p>\n\n\n\n<p><strong>Fuente:&nbsp;<\/strong>Noticias Z\u00e1rate Alerta\n\n<\/p>\n","protected":false},"excerpt":{"rendered":"<p>A trav\u00e9s de una resoluci\u00f3n, la tarifa de la revisi\u00f3n de veh\u00edculos se incrementar\u00e1 un 26,4%. Con el nuevo cuadro tarifario, un veh\u00edculo liviano pagar\u00e1 m\u00e1s de 1.100 pesos. El gobierno bonaerense autoriz\u00f3 un incremento del 26,4% en la Verificaci\u00f3n T\u00e9cnica Vehicular en la Provincia, a trav\u00e9s de una resoluci\u00f3n que lleva la firma del [&hellip;]<\/p>\n","protected":false},"author":4,"featured_media":56549,"comment_status":"open","ping_status":"closed","sticky":false,"template":"","format":"standard","meta":{"om_disable_all_campaigns":false,"_jetpack_memberships_contains_paid_content":false,"footnotes":""},"categories":[3],"tags":[],"class_list":["post-56548","post","type-post","status-publish","format-standard","has-post-thumbnail","hentry","category-nacionales"],"aioseo_notices":[],"gutentor_comment":0,"jetpack_featured_media_url":"https:\/\/eldiariodesanpedro.com.ar\/sitio\/wp-content\/uploads\/2019\/07\/100785_3.jpg","jetpack_shortlink":"https:\/\/wp.me\/p6RhLt-eI4","jetpack_sharing_enabled":true,"_links":{"self":[{"href":"https:\/\/eldiariodesanpedro.com.ar\/sitio\/wp-json\/wp\/v2\/posts\/56548","targetHints":{"allow":["GET"]}}],"collection":[{"href":"https:\/\/eldiariodesanpedro.com.ar\/sitio\/wp-json\/wp\/v2\/posts"}],"about":[{"href":"https:\/\/eldiariodesanpedro.com.ar\/sitio\/wp-json\/wp\/v2\/types\/post"}],"author":[{"embeddable":true,"href":"https:\/\/eldiariodesanpedro.com.ar\/sitio\/wp-json\/wp\/v2\/users\/4"}],"replies":[{"embeddable":true,"href":"https:\/\/eldiariodesanpedro.com.ar\/sitio\/wp-json\/wp\/v2\/comments?post=56548"}],"version-history":[{"count":1,"href":"https:\/\/eldiariodesanpedro.com.ar\/sitio\/wp-json\/wp\/v2\/posts\/56548\/revisions"}],"predecessor-version":[{"id":56550,"href":"https:\/\/eldiariodesanpedro.com.ar\/sitio\/wp-json\/wp\/v2\/posts\/56548\/revisions\/56550"}],"wp:featuredmedia":[{"embeddable":true,"href":"https:\/\/eldiariodesanpedro.com.ar\/sitio\/wp-json\/wp\/v2\/media\/56549"}],"wp:attachment":[{"href":"https:\/\/eldiariodesanpedro.com.ar\/sitio\/wp-json\/wp\/v2\/media?parent=56548"}],"wp:term":[{"taxonomy":"category","embeddable":true,"href":"https:\/\/eldiariodesanpedro.com.ar\/sitio\/wp-json\/wp\/v2\/categories?post=56548"},{"taxonomy":"post_tag","embeddable":true,"href":"https:\/\/eldiariodesanpedro.com.ar\/sitio\/wp-json\/wp\/v2\/tags?post=56548"}],"curies":[{"name":"wp","href":"https:\/\/api.w.org\/{rel}","templated":true}]}}