{"id":56545,"date":"2019-07-20T10:26:22","date_gmt":"2019-07-20T13:26:22","guid":{"rendered":"https:\/\/eldiariodesanpedro.com.ar\/sitio\/?p=56545"},"modified":"2019-07-20T10:26:26","modified_gmt":"2019-07-20T13:26:26","slug":"zarate-entre-srl-la-nueva-empresa-para-la-recoleccion-de-residuos","status":"publish","type":"post","link":"https:\/\/eldiariodesanpedro.com.ar\/sitio\/zarate-entre-srl-la-nueva-empresa-para-la-recoleccion-de-residuos\/","title":{"rendered":"ZARATE: ENTRE SRL la nueva empresa para la recolecci\u00f3n de residuos"},"content":{"rendered":"<!-- VideographyWP Plugin Message: Automatic video embedding prevented by plugin options. -->\n\n<p>El Municipio de Z\u00e1rate firm\u00f3 este jueves el Decreto de Adjudicaci\u00f3n de la recolecci\u00f3n de residuos s\u00f3lidos urbanos con ENTRE SRL, empresa que hoy por la tarde-noche comenzar\u00e1 a trabajar en los diferentes recorridos.<\/p>\n\n\n\n<p>La decisi\u00f3n se tom\u00f3 luego de la evaluaci\u00f3n de las tres ofertas presentadas en la licitaci\u00f3n. Una de ellas (Vial Truck) fue descartada porque carec\u00eda de experiencia trabajando en ciudades con m\u00e1s de 100 mil habitantes, condici\u00f3n que se hab\u00eda establecido en el pliego de licitaci\u00f3n.<\/p>\n\n\n\n<p>Las restantes dos empresas (ENTRE SRL ofert\u00f3 $ 15.490.000 y Transporte Malvinas&nbsp;$ 20.585.735.16) mostraron similares caracter\u00edsticas y capacidades t\u00e9cnicas, por lo cual se eligi\u00f3 a la firma que m\u00e1s se aproxim\u00f3 al presupuesto oficial que era de $ 16 millones.<\/p>\n\n\n\n<p>El jueves se homolog\u00f3 un acuerdo de parte con Agrot\u00e9cnica Fueguina, la empresa saliente, que se comprometi\u00f3 a pagar las indemnizaciones correspondientes a los 118 trabajadores. A su vez, se estableci\u00f3 que la nueva empresa concesionaria, ENTRE, incorporar\u00e1 a todos trabajadores reconoci\u00e9ndoles su antig\u00fcedad. Adem\u00e1s del Municipio y representantes de ambas empresas, participaron de la reuni\u00f3n representantes del sindicato de camioneros.<\/p>\n\n\n\n<p>A su vez, este viernes se est\u00e1 precediendo a firmar el alta de los empleados, la entrega de ropa, y la incorporaci\u00f3n de 7 camiones para que hoy comience a realizarse la recolecci\u00f3n.<\/p>\n\n\n\n<p>Adem\u00e1s, se acord\u00f3 que se trabajar\u00e1 todo el fin de semana para que el lunes el servicio ya est\u00e9 regularizado.<\/p>\n\n\n\n<p>ENTRE S.R.L. es una empresa que desde hace cincuenta a\u00f1os aporta a la sociedad ingenier\u00eda de Sanidad Ambiental y desde 2012 brinda el servicio de recolecci\u00f3n de residuos en San Nicol\u00e1s.<br><\/p>\n\n\n\n<p><strong>Fuente:&nbsp;<\/strong>Noticias Z\u00e1rate Alerta&nbsp;<\/p>\n","protected":false},"excerpt":{"rendered":"<p>El Municipio de Z\u00e1rate firm\u00f3 este jueves el Decreto de Adjudicaci\u00f3n de la recolecci\u00f3n de residuos s\u00f3lidos urbanos con ENTRE SRL, empresa que hoy por la tarde-noche comenzar\u00e1 a trabajar en los diferentes recorridos. La decisi\u00f3n se tom\u00f3 luego de la evaluaci\u00f3n de las tres ofertas presentadas en la licitaci\u00f3n. Una de ellas (Vial Truck) [&hellip;]<\/p>\n","protected":false},"author":4,"featured_media":56546,"comment_status":"open","ping_status":"closed","sticky":false,"template":"","format":"standard","meta":{"om_disable_all_campaigns":false,"_jetpack_memberships_contains_paid_content":false,"footnotes":""},"categories":[621],"tags":[],"class_list":["post-56545","post","type-post","status-publish","format-standard","has-post-thumbnail","hentry","category-regionales"],"aioseo_notices":[],"gutentor_comment":0,"jetpack_featured_media_url":"https:\/\/eldiariodesanpedro.com.ar\/sitio\/wp-content\/uploads\/2019\/07\/entre.jpg","jetpack_shortlink":"https:\/\/wp.me\/p6RhLt-eI1","jetpack_sharing_enabled":true,"_links":{"self":[{"href":"https:\/\/eldiariodesanpedro.com.ar\/sitio\/wp-json\/wp\/v2\/posts\/56545","targetHints":{"allow":["GET"]}}],"collection":[{"href":"https:\/\/eldiariodesanpedro.com.ar\/sitio\/wp-json\/wp\/v2\/posts"}],"about":[{"href":"https:\/\/eldiariodesanpedro.com.ar\/sitio\/wp-json\/wp\/v2\/types\/post"}],"author":[{"embeddable":true,"href":"https:\/\/eldiariodesanpedro.com.ar\/sitio\/wp-json\/wp\/v2\/users\/4"}],"replies":[{"embeddable":true,"href":"https:\/\/eldiariodesanpedro.com.ar\/sitio\/wp-json\/wp\/v2\/comments?post=56545"}],"version-history":[{"count":1,"href":"https:\/\/eldiariodesanpedro.com.ar\/sitio\/wp-json\/wp\/v2\/posts\/56545\/revisions"}],"predecessor-version":[{"id":56547,"href":"https:\/\/eldiariodesanpedro.com.ar\/sitio\/wp-json\/wp\/v2\/posts\/56545\/revisions\/56547"}],"wp:featuredmedia":[{"embeddable":true,"href":"https:\/\/eldiariodesanpedro.com.ar\/sitio\/wp-json\/wp\/v2\/media\/56546"}],"wp:attachment":[{"href":"https:\/\/eldiariodesanpedro.com.ar\/sitio\/wp-json\/wp\/v2\/media?parent=56545"}],"wp:term":[{"taxonomy":"category","embeddable":true,"href":"https:\/\/eldiariodesanpedro.com.ar\/sitio\/wp-json\/wp\/v2\/categories?post=56545"},{"taxonomy":"post_tag","embeddable":true,"href":"https:\/\/eldiariodesanpedro.com.ar\/sitio\/wp-json\/wp\/v2\/tags?post=56545"}],"curies":[{"name":"wp","href":"https:\/\/api.w.org\/{rel}","templated":true}]}}