{"id":56542,"date":"2019-07-20T10:21:51","date_gmt":"2019-07-20T13:21:51","guid":{"rendered":"https:\/\/eldiariodesanpedro.com.ar\/sitio\/?p=56542"},"modified":"2019-07-20T10:21:55","modified_gmt":"2019-07-20T13:21:55","slug":"campana-usurpan-la-casa-de-un-ex-jefe-de-bomberos","status":"publish","type":"post","link":"https:\/\/eldiariodesanpedro.com.ar\/sitio\/campana-usurpan-la-casa-de-un-ex-jefe-de-bomberos\/","title":{"rendered":"CAMPANA: Usurpan la casa de un ex Jefe de Bomberos"},"content":{"rendered":"<!-- VideographyWP Plugin Message: Automatic video embedding prevented by plugin options. -->\n\n<p> Una familia proveniente del barrio Dignidad se habr\u00eda quedado en el lugar por la fuerza, incluso golpeando al hombre mayor. Personal policial intervino en la morada de Urquiza al 400. El domicilio fue desvalijado por los ocupas, quienes tambi\u00e9n causaron destrozos antes de retirarse.<\/p>\n\n\n\n<p>\n\nPersonal policial intervino en horas de la tarde de ayer, en una vivienda de calle Urquiza al 400, propiedad de Miguel \u00c1ngel Safore, ex Jefe del Cuerpo Activo de Bomberos de nuestra Ciudad.<\/p>\n\n\n\n<p>Efectivos de la Comisar\u00eda Primera y el CP local se hicieron presentes en la vivienda que hab\u00eda sido usurpada por una familia oriunda del barrio Dignidad, bajo circunstancias que no trascendieron.<\/p>\n\n\n\n<p>El Bombero retirado, de 69 a\u00f1os, habr\u00eda sido golpeado y echado de su vivienda por los intrusos, quienes adem\u00e1s desvalijaron el lugar y causaron destrozos en una camioneta que all\u00ed guardaba.<\/p>\n\n\n\n<p>Durante el procedimiento, la polic\u00eda secuestr\u00f3 una moto con pedido activo de secuestro por robo. Seg\u00fan vecinos, los moradores (quienes se retiraron previamente) tra\u00edan m\u00e1s gente de dudosa reputaci\u00f3n, afirmando que el lugar era usado como \u201cag\u00fcantadero\u201d. <\/p>\n\n\n\n<p>FUENTE:  CAMPANA NOTICIAS<\/p>\n\n\n\n<p><br><\/p>\n","protected":false},"excerpt":{"rendered":"<p>Una familia proveniente del barrio Dignidad se habr\u00eda quedado en el lugar por la fuerza, incluso golpeando al hombre mayor. Personal policial intervino en la morada de Urquiza al 400. El domicilio fue desvalijado por los ocupas, quienes tambi\u00e9n causaron destrozos antes de retirarse. Personal policial intervino en horas de la tarde de ayer, en [&hellip;]<\/p>\n","protected":false},"author":4,"featured_media":56543,"comment_status":"open","ping_status":"closed","sticky":false,"template":"","format":"standard","meta":{"om_disable_all_campaigns":false,"_jetpack_memberships_contains_paid_content":false,"footnotes":""},"categories":[621],"tags":[],"class_list":["post-56542","post","type-post","status-publish","format-standard","has-post-thumbnail","hentry","category-regionales"],"aioseo_notices":[],"gutentor_comment":0,"jetpack_featured_media_url":"https:\/\/eldiariodesanpedro.com.ar\/sitio\/wp-content\/uploads\/2019\/07\/20190719082752.jpg","jetpack_shortlink":"https:\/\/wp.me\/p6RhLt-eHY","jetpack_sharing_enabled":true,"_links":{"self":[{"href":"https:\/\/eldiariodesanpedro.com.ar\/sitio\/wp-json\/wp\/v2\/posts\/56542","targetHints":{"allow":["GET"]}}],"collection":[{"href":"https:\/\/eldiariodesanpedro.com.ar\/sitio\/wp-json\/wp\/v2\/posts"}],"about":[{"href":"https:\/\/eldiariodesanpedro.com.ar\/sitio\/wp-json\/wp\/v2\/types\/post"}],"author":[{"embeddable":true,"href":"https:\/\/eldiariodesanpedro.com.ar\/sitio\/wp-json\/wp\/v2\/users\/4"}],"replies":[{"embeddable":true,"href":"https:\/\/eldiariodesanpedro.com.ar\/sitio\/wp-json\/wp\/v2\/comments?post=56542"}],"version-history":[{"count":1,"href":"https:\/\/eldiariodesanpedro.com.ar\/sitio\/wp-json\/wp\/v2\/posts\/56542\/revisions"}],"predecessor-version":[{"id":56544,"href":"https:\/\/eldiariodesanpedro.com.ar\/sitio\/wp-json\/wp\/v2\/posts\/56542\/revisions\/56544"}],"wp:featuredmedia":[{"embeddable":true,"href":"https:\/\/eldiariodesanpedro.com.ar\/sitio\/wp-json\/wp\/v2\/media\/56543"}],"wp:attachment":[{"href":"https:\/\/eldiariodesanpedro.com.ar\/sitio\/wp-json\/wp\/v2\/media?parent=56542"}],"wp:term":[{"taxonomy":"category","embeddable":true,"href":"https:\/\/eldiariodesanpedro.com.ar\/sitio\/wp-json\/wp\/v2\/categories?post=56542"},{"taxonomy":"post_tag","embeddable":true,"href":"https:\/\/eldiariodesanpedro.com.ar\/sitio\/wp-json\/wp\/v2\/tags?post=56542"}],"curies":[{"name":"wp","href":"https:\/\/api.w.org\/{rel}","templated":true}]}}