{"id":56540,"date":"2019-07-20T10:18:47","date_gmt":"2019-07-20T13:18:47","guid":{"rendered":"https:\/\/eldiariodesanpedro.com.ar\/sitio\/?p=56540"},"modified":"2019-07-20T10:18:51","modified_gmt":"2019-07-20T13:18:51","slug":"campana-una-docente-ocupo-la-vivienda-de-un-joven-fallecido-y-hubo-bronca-vecinal","status":"publish","type":"post","link":"https:\/\/eldiariodesanpedro.com.ar\/sitio\/campana-una-docente-ocupo-la-vivienda-de-un-joven-fallecido-y-hubo-bronca-vecinal\/","title":{"rendered":"CAMPANA: Una docente ocup\u00f3 la vivienda de un joven fallecido y hubo bronca vecinal"},"content":{"rendered":"<!-- VideographyWP Plugin Message: Automatic video embedding prevented by plugin options. -->\n\n<p> Los familiares de la v\u00edctima denunciaron usurpaci\u00f3n, mientras que la familia instalada asegura haber sido \u201cestafada\u201d al alquilar el inmueble. Ambas partes denunciaron lo sucedido, pero vecinos aseguran que se trat\u00f3 de una ocupaci\u00f3n ilegal programada, una de las tantas ocurridas en el barrio Federal.<\/p>\n\n\n\n<p>\n\nEl hecho comenz\u00f3 en la tarde noche del Jueves, y a\u00fan contin\u00faa. Por un lado, la familia de un joven fallecido en un accidente hace m\u00e1s de un mes, denunci\u00f3 la usurpaci\u00f3n ilegal de la vivienda de \u00e9ste en Isla Soledad 574 del barrio Federal. \u201cBarretearon la puerta y se metieron. Vecinos nos avisaron y vinimos de inmediato, pero no pudimos hacer nada\u201d cuenta un familiar a CN.<\/p>\n\n\n\n<p>Pero por la contraparte, se\u00f1alan haber efectuado el alquiler del lugar, y habr\u00edan presentado alg\u00fan papel intentando avalar la situaci\u00f3n. Lo cierto es que se negaron a retirarse una joven mujer, su pareja y dos ni\u00f1os.<\/p>\n\n\n\n<p>Inicialmente, la bronca de los familiares y vecinos ocasion\u00f3 rotura de vidrios y un fuerte cruce de palabras. Es que nadie cree en el testimonio de la nueva ocupante, quien adem\u00e1s es docente en la escuela del barrio. \u201cSi no ten\u00e9s nada que ocultar, no te atrincher\u00e1s y te escond\u00e9s como rata. Pero no tiene ning\u00fan argumento para justificar lo que hizo. El papel que muestra es totalmente trucho, no sabe ni quien supuestamente le alquil\u00f3\u201d explic\u00f3 Andrea, otra vecina del lugar.<\/p>\n\n\n\n<p>Varios m\u00f3viles policiales acudieron al domicilio, donde una especie de vigilia se mont\u00f3 desde la noche del Jueves. A la vivienda se le interrumpieron los servicios, y la gente impide el ingreso de comida (y otros mobiliarios, por supuesto).<\/p>\n\n\n\n<p>\u201cAc\u00e1 hay una vecina que es conocida por intrusar casas que no est\u00e1n ocupadas. Ya meti\u00f3 a tres de sus hijos a vivir de esta manera\u201d denunciaron varios vecinos del lugar. Tanto la familia de quien ser\u00eda el due\u00f1o leg\u00edtimo del inmueble, como la mujer acusada de \u201cintrusa\u201d, denunciaron la situaci\u00f3n ante la Fiscal\u00eda de turno. Ahora se espera una resoluci\u00f3n de la Justicia, aunque la paciencia de los vecinos se acaba\u2026\u00a0 <\/p>\n\n\n\n<p>FUENTE: Campana Noticias<\/p>\n\n\n\n<p><br><\/p>\n","protected":false},"excerpt":{"rendered":"<p>Los familiares de la v\u00edctima denunciaron usurpaci\u00f3n, mientras que la familia instalada asegura haber sido \u201cestafada\u201d al alquilar el inmueble. Ambas partes denunciaron lo sucedido, pero vecinos aseguran que se trat\u00f3 de una ocupaci\u00f3n ilegal programada, una de las tantas ocurridas en el barrio Federal. El hecho comenz\u00f3 en la tarde noche del Jueves, y [&hellip;]<\/p>\n","protected":false},"author":4,"featured_media":56528,"comment_status":"open","ping_status":"closed","sticky":false,"template":"","format":"standard","meta":{"om_disable_all_campaigns":false,"_jetpack_memberships_contains_paid_content":false,"footnotes":""},"categories":[621],"tags":[],"class_list":["post-56540","post","type-post","status-publish","format-standard","has-post-thumbnail","hentry","category-regionales"],"aioseo_notices":[],"gutentor_comment":0,"jetpack_featured_media_url":"https:\/\/eldiariodesanpedro.com.ar\/sitio\/wp-content\/uploads\/2019\/07\/patrulla66-1024x680.jpg","jetpack_shortlink":"https:\/\/wp.me\/p6RhLt-eHW","jetpack_sharing_enabled":true,"_links":{"self":[{"href":"https:\/\/eldiariodesanpedro.com.ar\/sitio\/wp-json\/wp\/v2\/posts\/56540","targetHints":{"allow":["GET"]}}],"collection":[{"href":"https:\/\/eldiariodesanpedro.com.ar\/sitio\/wp-json\/wp\/v2\/posts"}],"about":[{"href":"https:\/\/eldiariodesanpedro.com.ar\/sitio\/wp-json\/wp\/v2\/types\/post"}],"author":[{"embeddable":true,"href":"https:\/\/eldiariodesanpedro.com.ar\/sitio\/wp-json\/wp\/v2\/users\/4"}],"replies":[{"embeddable":true,"href":"https:\/\/eldiariodesanpedro.com.ar\/sitio\/wp-json\/wp\/v2\/comments?post=56540"}],"version-history":[{"count":1,"href":"https:\/\/eldiariodesanpedro.com.ar\/sitio\/wp-json\/wp\/v2\/posts\/56540\/revisions"}],"predecessor-version":[{"id":56541,"href":"https:\/\/eldiariodesanpedro.com.ar\/sitio\/wp-json\/wp\/v2\/posts\/56540\/revisions\/56541"}],"wp:featuredmedia":[{"embeddable":true,"href":"https:\/\/eldiariodesanpedro.com.ar\/sitio\/wp-json\/wp\/v2\/media\/56528"}],"wp:attachment":[{"href":"https:\/\/eldiariodesanpedro.com.ar\/sitio\/wp-json\/wp\/v2\/media?parent=56540"}],"wp:term":[{"taxonomy":"category","embeddable":true,"href":"https:\/\/eldiariodesanpedro.com.ar\/sitio\/wp-json\/wp\/v2\/categories?post=56540"},{"taxonomy":"post_tag","embeddable":true,"href":"https:\/\/eldiariodesanpedro.com.ar\/sitio\/wp-json\/wp\/v2\/tags?post=56540"}],"curies":[{"name":"wp","href":"https:\/\/api.w.org\/{rel}","templated":true}]}}