{"id":56537,"date":"2019-07-20T10:00:00","date_gmt":"2019-07-20T13:00:00","guid":{"rendered":"https:\/\/eldiariodesanpedro.com.ar\/sitio\/?p=56537"},"modified":"2019-07-20T10:00:04","modified_gmt":"2019-07-20T13:00:04","slug":"aprehendido-por-agredir-y-amenazar-de-muerte-a-su-pareja","status":"publish","type":"post","link":"https:\/\/eldiariodesanpedro.com.ar\/sitio\/aprehendido-por-agredir-y-amenazar-de-muerte-a-su-pareja\/","title":{"rendered":"Aprehendido por agredir y amenazar de muerte a su pareja"},"content":{"rendered":"<!-- VideographyWP Plugin Message: Automatic video embedding prevented by plugin options. -->\n\n<p>El hecho sucedi\u00f3 en intersecci\u00f3n de las calles Novillo y Sarmiento por la madrugada de este sabado.<\/p>\n\n\n\n<p> Un joven de 25 a\u00f1os de edad fue aprehendido por el personal policial, momento que se encontraba amenazando de muerte a su pareja femenina de 19, quien alcanz\u00f3 a agredir pero sin provocar lesi\u00f3n. <\/p>\n\n\n\n<p>El agresor fue trasladado a la dependencia local interviniendo la fiscalia en turno.<\/p>\n\n\n\n<p><\/p>\n","protected":false},"excerpt":{"rendered":"<p>El hecho sucedi\u00f3 en intersecci\u00f3n de las calles Novillo y Sarmiento por la madrugada de este sabado. Un joven de 25 a\u00f1os de edad fue aprehendido por el personal policial, momento que se encontraba amenazando de muerte a su pareja femenina de 19, quien alcanz\u00f3 a agredir pero sin provocar lesi\u00f3n. El agresor fue trasladado [&hellip;]<\/p>\n","protected":false},"author":4,"featured_media":56538,"comment_status":"open","ping_status":"closed","sticky":false,"template":"","format":"standard","meta":{"om_disable_all_campaigns":false,"_jetpack_memberships_contains_paid_content":false,"footnotes":""},"categories":[2,103],"tags":[],"class_list":["post-56537","post","type-post","status-publish","format-standard","has-post-thumbnail","hentry","category-locales","category-policiales-locales"],"aioseo_notices":[],"gutentor_comment":0,"jetpack_featured_media_url":"https:\/\/eldiariodesanpedro.com.ar\/sitio\/wp-content\/uploads\/2019\/07\/violencia-de-genero.jpg","jetpack_shortlink":"https:\/\/wp.me\/p6RhLt-eHT","jetpack_sharing_enabled":true,"_links":{"self":[{"href":"https:\/\/eldiariodesanpedro.com.ar\/sitio\/wp-json\/wp\/v2\/posts\/56537","targetHints":{"allow":["GET"]}}],"collection":[{"href":"https:\/\/eldiariodesanpedro.com.ar\/sitio\/wp-json\/wp\/v2\/posts"}],"about":[{"href":"https:\/\/eldiariodesanpedro.com.ar\/sitio\/wp-json\/wp\/v2\/types\/post"}],"author":[{"embeddable":true,"href":"https:\/\/eldiariodesanpedro.com.ar\/sitio\/wp-json\/wp\/v2\/users\/4"}],"replies":[{"embeddable":true,"href":"https:\/\/eldiariodesanpedro.com.ar\/sitio\/wp-json\/wp\/v2\/comments?post=56537"}],"version-history":[{"count":1,"href":"https:\/\/eldiariodesanpedro.com.ar\/sitio\/wp-json\/wp\/v2\/posts\/56537\/revisions"}],"predecessor-version":[{"id":56539,"href":"https:\/\/eldiariodesanpedro.com.ar\/sitio\/wp-json\/wp\/v2\/posts\/56537\/revisions\/56539"}],"wp:featuredmedia":[{"embeddable":true,"href":"https:\/\/eldiariodesanpedro.com.ar\/sitio\/wp-json\/wp\/v2\/media\/56538"}],"wp:attachment":[{"href":"https:\/\/eldiariodesanpedro.com.ar\/sitio\/wp-json\/wp\/v2\/media?parent=56537"}],"wp:term":[{"taxonomy":"category","embeddable":true,"href":"https:\/\/eldiariodesanpedro.com.ar\/sitio\/wp-json\/wp\/v2\/categories?post=56537"},{"taxonomy":"post_tag","embeddable":true,"href":"https:\/\/eldiariodesanpedro.com.ar\/sitio\/wp-json\/wp\/v2\/tags?post=56537"}],"curies":[{"name":"wp","href":"https:\/\/api.w.org\/{rel}","templated":true}]}}