{"id":56534,"date":"2019-07-20T09:45:13","date_gmt":"2019-07-20T12:45:13","guid":{"rendered":"https:\/\/eldiariodesanpedro.com.ar\/sitio\/?p=56534"},"modified":"2019-07-20T09:45:17","modified_gmt":"2019-07-20T12:45:17","slug":"robo-una-moto-y-fue-atrapado-a-las-pocas-cuadras-tras-rapido-accionar-policial","status":"publish","type":"post","link":"https:\/\/eldiariodesanpedro.com.ar\/sitio\/robo-una-moto-y-fue-atrapado-a-las-pocas-cuadras-tras-rapido-accionar-policial\/","title":{"rendered":"Rob\u00f3 una moto y fue atrapado a las pocas cuadras, tras r\u00e1pido accionar policial"},"content":{"rendered":"<!-- VideographyWP Plugin Message: Automatic video embedding prevented by plugin options. -->\n\n<p>El delincuente resulta ser un joven de 19 a\u00f1os de edad, quien fue r\u00e1pidamente alcanzado y aprehendido por los efectivos.<\/p>\n\n\n\n<p>Sucedi\u00f3 por la tarde noche de este viernes cuando un ciudadano de 18, alerta al personal policial de que le hab\u00edan sustra\u00eddo su motocicleta de la vereda de un comercio sobre calle Tres de Febrero y Socorro.<\/p>\n\n\n\n<p>Tras r\u00e1pido operativo cerrojo se logra interceptar en calle Libertad entre J.V.Gonzalez y Socorro al delincuente secuestrandole la motocicleta sustra\u00edda y elementos de valor que tra\u00eda en la baulera.<\/p>\n\n\n\n<p>Interviene en el caso la Fiscalia N11.<br><\/p>\n","protected":false},"excerpt":{"rendered":"<p>El delincuente resulta ser un joven de 19 a\u00f1os de edad, quien fue r\u00e1pidamente alcanzado y aprehendido por los efectivos. Sucedi\u00f3 por la tarde noche de este viernes cuando un ciudadano de 18, alerta al personal policial de que le hab\u00edan sustra\u00eddo su motocicleta de la vereda de un comercio sobre calle Tres de Febrero [&hellip;]<\/p>\n","protected":false},"author":4,"featured_media":56535,"comment_status":"open","ping_status":"closed","sticky":false,"template":"","format":"standard","meta":{"om_disable_all_campaigns":false,"_jetpack_memberships_contains_paid_content":false,"footnotes":""},"categories":[2,103],"tags":[],"class_list":["post-56534","post","type-post","status-publish","format-standard","has-post-thumbnail","hentry","category-locales","category-policiales-locales"],"aioseo_notices":[],"gutentor_comment":0,"jetpack_featured_media_url":"https:\/\/eldiariodesanpedro.com.ar\/sitio\/wp-content\/uploads\/2019\/07\/aprehendido.jpg","jetpack_shortlink":"https:\/\/wp.me\/p6RhLt-eHQ","jetpack_sharing_enabled":true,"_links":{"self":[{"href":"https:\/\/eldiariodesanpedro.com.ar\/sitio\/wp-json\/wp\/v2\/posts\/56534","targetHints":{"allow":["GET"]}}],"collection":[{"href":"https:\/\/eldiariodesanpedro.com.ar\/sitio\/wp-json\/wp\/v2\/posts"}],"about":[{"href":"https:\/\/eldiariodesanpedro.com.ar\/sitio\/wp-json\/wp\/v2\/types\/post"}],"author":[{"embeddable":true,"href":"https:\/\/eldiariodesanpedro.com.ar\/sitio\/wp-json\/wp\/v2\/users\/4"}],"replies":[{"embeddable":true,"href":"https:\/\/eldiariodesanpedro.com.ar\/sitio\/wp-json\/wp\/v2\/comments?post=56534"}],"version-history":[{"count":1,"href":"https:\/\/eldiariodesanpedro.com.ar\/sitio\/wp-json\/wp\/v2\/posts\/56534\/revisions"}],"predecessor-version":[{"id":56536,"href":"https:\/\/eldiariodesanpedro.com.ar\/sitio\/wp-json\/wp\/v2\/posts\/56534\/revisions\/56536"}],"wp:featuredmedia":[{"embeddable":true,"href":"https:\/\/eldiariodesanpedro.com.ar\/sitio\/wp-json\/wp\/v2\/media\/56535"}],"wp:attachment":[{"href":"https:\/\/eldiariodesanpedro.com.ar\/sitio\/wp-json\/wp\/v2\/media?parent=56534"}],"wp:term":[{"taxonomy":"category","embeddable":true,"href":"https:\/\/eldiariodesanpedro.com.ar\/sitio\/wp-json\/wp\/v2\/categories?post=56534"},{"taxonomy":"post_tag","embeddable":true,"href":"https:\/\/eldiariodesanpedro.com.ar\/sitio\/wp-json\/wp\/v2\/tags?post=56534"}],"curies":[{"name":"wp","href":"https:\/\/api.w.org\/{rel}","templated":true}]}}