{"id":5653,"date":"2016-06-22T20:23:51","date_gmt":"2016-06-22T23:23:51","guid":{"rendered":"https:\/\/eldiariodesanpedro.com.ar\/sitio\/?p=5653"},"modified":"2016-06-22T20:23:51","modified_gmt":"2016-06-22T23:23:51","slug":"baradero-momentos-decisivos-para-germaiz","status":"publish","type":"post","link":"https:\/\/eldiariodesanpedro.com.ar\/sitio\/baradero-momentos-decisivos-para-germaiz\/","title":{"rendered":"Baradero: Momentos decisivos para Germa\u00edz"},"content":{"rendered":"<p><!-- VideographyWP Plugin Message: Automatic video embedding prevented by plugin options. --><br \/>\nEl delegado gremial de la empresa Germa\u00edz manifest\u00f3 en di\u00e1logo con LS2, en la ma\u00f1ana de ayer, que el pr\u00f3ximo mi\u00e9rcoles 29 de junio tendr\u00e1n una audiencia con el s\u00edndico y las autoridades del Ministerio de Trabajo, en la que esperan poder destrabar este conflicto, ya sea con una decisi\u00f3n positiva o negativa, pero terminar definitivamente con esta situaci\u00f3n que ya no pueden sostener por m\u00e1s tiempo.<br \/>\nLos trabajadores siguen cubriendo los turnos, pero no pueden seguir en estas condiciones y por el momento no han tenido ning\u00fan contacto con la parte patronal, solo est\u00e1n en comunicaci\u00f3n con el s\u00edndico.<br \/>\nDestacan la ayuda prestada por los operarios de la empresa Ingredion, por el municipio local y el Concejo Deliberante, pero lo que necesitan es que se den las condiciones para poder seguir trabajando o que definitivamente sean cesados en su actividad.<\/p>\n","protected":false},"excerpt":{"rendered":"<p>El delegado gremial de la empresa Germa\u00edz manifest\u00f3 en di\u00e1logo con LS2, en la ma\u00f1ana de ayer, que el pr\u00f3ximo mi\u00e9rcoles 29 de junio tendr\u00e1n una audiencia con el s\u00edndico y las autoridades del Ministerio de Trabajo, en la que esperan poder destrabar este conflicto, ya sea con una decisi\u00f3n positiva o negativa, pero terminar [&hellip;]<\/p>\n","protected":false},"author":4,"featured_media":5654,"comment_status":"open","ping_status":"closed","sticky":false,"template":"","format":"standard","meta":{"om_disable_all_campaigns":false,"_jetpack_memberships_contains_paid_content":false,"footnotes":""},"categories":[50,101,2],"tags":[],"class_list":["post-5653","post","type-post","status-publish","format-standard","has-post-thumbnail","hentry","category-destacadas","category-interes-general-locales","category-locales"],"aioseo_notices":[],"gutentor_comment":0,"jetpack_featured_media_url":"https:\/\/eldiariodesanpedro.com.ar\/sitio\/wp-content\/uploads\/2016\/06\/PAGINA-6-1-2.jpg","jetpack_shortlink":"https:\/\/wp.me\/p6RhLt-1tb","jetpack_sharing_enabled":true,"_links":{"self":[{"href":"https:\/\/eldiariodesanpedro.com.ar\/sitio\/wp-json\/wp\/v2\/posts\/5653","targetHints":{"allow":["GET"]}}],"collection":[{"href":"https:\/\/eldiariodesanpedro.com.ar\/sitio\/wp-json\/wp\/v2\/posts"}],"about":[{"href":"https:\/\/eldiariodesanpedro.com.ar\/sitio\/wp-json\/wp\/v2\/types\/post"}],"author":[{"embeddable":true,"href":"https:\/\/eldiariodesanpedro.com.ar\/sitio\/wp-json\/wp\/v2\/users\/4"}],"replies":[{"embeddable":true,"href":"https:\/\/eldiariodesanpedro.com.ar\/sitio\/wp-json\/wp\/v2\/comments?post=5653"}],"version-history":[{"count":1,"href":"https:\/\/eldiariodesanpedro.com.ar\/sitio\/wp-json\/wp\/v2\/posts\/5653\/revisions"}],"predecessor-version":[{"id":5655,"href":"https:\/\/eldiariodesanpedro.com.ar\/sitio\/wp-json\/wp\/v2\/posts\/5653\/revisions\/5655"}],"wp:featuredmedia":[{"embeddable":true,"href":"https:\/\/eldiariodesanpedro.com.ar\/sitio\/wp-json\/wp\/v2\/media\/5654"}],"wp:attachment":[{"href":"https:\/\/eldiariodesanpedro.com.ar\/sitio\/wp-json\/wp\/v2\/media?parent=5653"}],"wp:term":[{"taxonomy":"category","embeddable":true,"href":"https:\/\/eldiariodesanpedro.com.ar\/sitio\/wp-json\/wp\/v2\/categories?post=5653"},{"taxonomy":"post_tag","embeddable":true,"href":"https:\/\/eldiariodesanpedro.com.ar\/sitio\/wp-json\/wp\/v2\/tags?post=5653"}],"curies":[{"name":"wp","href":"https:\/\/api.w.org\/{rel}","templated":true}]}}