{"id":56527,"date":"2019-07-20T09:24:54","date_gmt":"2019-07-20T12:24:54","guid":{"rendered":"https:\/\/eldiariodesanpedro.com.ar\/sitio\/?p=56527"},"modified":"2019-07-20T09:24:59","modified_gmt":"2019-07-20T12:24:59","slug":"se-secuestraron-mil-plantas-de-rosas-en-un-allanamiento","status":"publish","type":"post","link":"https:\/\/eldiariodesanpedro.com.ar\/sitio\/se-secuestraron-mil-plantas-de-rosas-en-un-allanamiento\/","title":{"rendered":"Se secuestraron mil plantas de rosas en un allanamiento"},"content":{"rendered":"<!-- VideographyWP Plugin Message: Automatic video embedding prevented by plugin options. -->\n\n<p>Sucedi\u00f3 en la tarde de este viernes tras una ardua investigaci\u00f3n, personal policial trabaj\u00f3 intensamente en tareas investigativas luego de que se produzca el robo de 3000 plantas de rosas en un viviero de la localidad de la Buen Moza.<\/p>\n\n\n\n<p>El hecho habr\u00eda producido el fin de semana largo del 9 de julio, los delincuentes ingresaron al vivero y sustrajeron una suma total de  50 mil pesos en plantas.  <\/p>\n\n\n\n<p>Finalmente personal de la Comisar\u00eda en conjunto con la DDI San Pedro \u2013 Baradero realizaron un allanamiento en calle Mateo Sbert entre Brenan y Bozzano donde se obtuvo un resultado altamente positivo donde se permiti\u00f3 recuperar 1000 plantas.<\/p>\n","protected":false},"excerpt":{"rendered":"<p>Sucedi\u00f3 en la tarde de este viernes tras una ardua investigaci\u00f3n, personal policial trabaj\u00f3 intensamente en tareas investigativas luego de que se produzca el robo de 3000 plantas de rosas en un viviero de la localidad de la Buen Moza. El hecho habr\u00eda producido el fin de semana largo del 9 de julio, los delincuentes [&hellip;]<\/p>\n","protected":false},"author":4,"featured_media":56528,"comment_status":"open","ping_status":"closed","sticky":false,"template":"","format":"standard","meta":{"om_disable_all_campaigns":false,"_jetpack_memberships_contains_paid_content":false,"footnotes":""},"categories":[50,2,103],"tags":[],"class_list":["post-56527","post","type-post","status-publish","format-standard","has-post-thumbnail","hentry","category-destacadas","category-locales","category-policiales-locales"],"aioseo_notices":[],"gutentor_comment":0,"jetpack_featured_media_url":"https:\/\/eldiariodesanpedro.com.ar\/sitio\/wp-content\/uploads\/2019\/07\/patrulla66-1024x680.jpg","jetpack_shortlink":"https:\/\/wp.me\/p6RhLt-eHJ","jetpack_sharing_enabled":true,"_links":{"self":[{"href":"https:\/\/eldiariodesanpedro.com.ar\/sitio\/wp-json\/wp\/v2\/posts\/56527","targetHints":{"allow":["GET"]}}],"collection":[{"href":"https:\/\/eldiariodesanpedro.com.ar\/sitio\/wp-json\/wp\/v2\/posts"}],"about":[{"href":"https:\/\/eldiariodesanpedro.com.ar\/sitio\/wp-json\/wp\/v2\/types\/post"}],"author":[{"embeddable":true,"href":"https:\/\/eldiariodesanpedro.com.ar\/sitio\/wp-json\/wp\/v2\/users\/4"}],"replies":[{"embeddable":true,"href":"https:\/\/eldiariodesanpedro.com.ar\/sitio\/wp-json\/wp\/v2\/comments?post=56527"}],"version-history":[{"count":1,"href":"https:\/\/eldiariodesanpedro.com.ar\/sitio\/wp-json\/wp\/v2\/posts\/56527\/revisions"}],"predecessor-version":[{"id":56529,"href":"https:\/\/eldiariodesanpedro.com.ar\/sitio\/wp-json\/wp\/v2\/posts\/56527\/revisions\/56529"}],"wp:featuredmedia":[{"embeddable":true,"href":"https:\/\/eldiariodesanpedro.com.ar\/sitio\/wp-json\/wp\/v2\/media\/56528"}],"wp:attachment":[{"href":"https:\/\/eldiariodesanpedro.com.ar\/sitio\/wp-json\/wp\/v2\/media?parent=56527"}],"wp:term":[{"taxonomy":"category","embeddable":true,"href":"https:\/\/eldiariodesanpedro.com.ar\/sitio\/wp-json\/wp\/v2\/categories?post=56527"},{"taxonomy":"post_tag","embeddable":true,"href":"https:\/\/eldiariodesanpedro.com.ar\/sitio\/wp-json\/wp\/v2\/tags?post=56527"}],"curies":[{"name":"wp","href":"https:\/\/api.w.org\/{rel}","templated":true}]}}