{"id":56523,"date":"2019-07-19T18:52:38","date_gmt":"2019-07-19T21:52:38","guid":{"rendered":"https:\/\/eldiariodesanpedro.com.ar\/sitio\/?p=56523"},"modified":"2019-07-19T18:52:42","modified_gmt":"2019-07-19T21:52:42","slug":"accidente-entre-una-motocicleta-y-automovil","status":"publish","type":"post","link":"https:\/\/eldiariodesanpedro.com.ar\/sitio\/accidente-entre-una-motocicleta-y-automovil\/","title":{"rendered":"Accidente entre una motocicleta y autom\u00f3vil"},"content":{"rendered":"<!-- VideographyWP Plugin Message: Automatic video embedding prevented by plugin options. -->\n\n<p>Este viernes por la tarde, se produjo un accidente de tr\u00e1nsito en la esquina de Riobamba y Belgrano.<\/p>\n\n\n\n<p>Alrededor de las 17:00 hs se produjo una colision entre una motocicleta Gilera 110 cc en el que circulaba una mujer de alrededor de 40 a\u00f1os y un autom\u00f3vil VW Suran negro conducido por un hombre de alrededor de 40 a\u00f1os.<\/p>\n\n\n\n<p>Por el impacto la mujer de la moto sufri\u00f3 lesiones leves siendo trasladada al nosocomio local por el SAME. <\/p>\n\n\n\n<p><\/p>\n","protected":false},"excerpt":{"rendered":"<p>Este viernes por la tarde, se produjo un accidente de tr\u00e1nsito en la esquina de Riobamba y Belgrano. Alrededor de las 17:00 hs se produjo una colision entre una motocicleta Gilera 110 cc en el que circulaba una mujer de alrededor de 40 a\u00f1os y un autom\u00f3vil VW Suran negro conducido por un hombre de [&hellip;]<\/p>\n","protected":false},"author":4,"featured_media":56522,"comment_status":"open","ping_status":"closed","sticky":false,"template":"","format":"standard","meta":{"om_disable_all_campaigns":false,"_jetpack_memberships_contains_paid_content":false,"footnotes":""},"categories":[2,103],"tags":[],"class_list":["post-56523","post","type-post","status-publish","format-standard","has-post-thumbnail","hentry","category-locales","category-policiales-locales"],"aioseo_notices":[],"gutentor_comment":0,"jetpack_featured_media_url":"https:\/\/eldiariodesanpedro.com.ar\/sitio\/wp-content\/uploads\/2019\/07\/20190719_172229.jpg","jetpack_shortlink":"https:\/\/wp.me\/p6RhLt-eHF","jetpack_sharing_enabled":true,"_links":{"self":[{"href":"https:\/\/eldiariodesanpedro.com.ar\/sitio\/wp-json\/wp\/v2\/posts\/56523","targetHints":{"allow":["GET"]}}],"collection":[{"href":"https:\/\/eldiariodesanpedro.com.ar\/sitio\/wp-json\/wp\/v2\/posts"}],"about":[{"href":"https:\/\/eldiariodesanpedro.com.ar\/sitio\/wp-json\/wp\/v2\/types\/post"}],"author":[{"embeddable":true,"href":"https:\/\/eldiariodesanpedro.com.ar\/sitio\/wp-json\/wp\/v2\/users\/4"}],"replies":[{"embeddable":true,"href":"https:\/\/eldiariodesanpedro.com.ar\/sitio\/wp-json\/wp\/v2\/comments?post=56523"}],"version-history":[{"count":1,"href":"https:\/\/eldiariodesanpedro.com.ar\/sitio\/wp-json\/wp\/v2\/posts\/56523\/revisions"}],"predecessor-version":[{"id":56524,"href":"https:\/\/eldiariodesanpedro.com.ar\/sitio\/wp-json\/wp\/v2\/posts\/56523\/revisions\/56524"}],"wp:featuredmedia":[{"embeddable":true,"href":"https:\/\/eldiariodesanpedro.com.ar\/sitio\/wp-json\/wp\/v2\/media\/56522"}],"wp:attachment":[{"href":"https:\/\/eldiariodesanpedro.com.ar\/sitio\/wp-json\/wp\/v2\/media?parent=56523"}],"wp:term":[{"taxonomy":"category","embeddable":true,"href":"https:\/\/eldiariodesanpedro.com.ar\/sitio\/wp-json\/wp\/v2\/categories?post=56523"},{"taxonomy":"post_tag","embeddable":true,"href":"https:\/\/eldiariodesanpedro.com.ar\/sitio\/wp-json\/wp\/v2\/tags?post=56523"}],"curies":[{"name":"wp","href":"https:\/\/api.w.org\/{rel}","templated":true}]}}