{"id":56508,"date":"2019-07-19T18:02:00","date_gmt":"2019-07-19T21:02:00","guid":{"rendered":"https:\/\/eldiariodesanpedro.com.ar\/sitio\/?p=56508"},"modified":"2019-07-19T18:25:06","modified_gmt":"2019-07-19T21:25:06","slug":"baradero-asesinos-no-es-neumonia","status":"publish","type":"post","link":"https:\/\/eldiariodesanpedro.com.ar\/sitio\/baradero-asesinos-no-es-neumonia\/","title":{"rendered":"BARADERO: ASESINOS"},"content":{"rendered":"<!-- VideographyWP Plugin Message: Automatic video embedding prevented by plugin options. -->\n\n<p>Elisabeth Zurita es una interna de A.P.A.N.D., hace m\u00e1s de diez a\u00f1os que, por orden judicial, recay\u00f3 en la muy cuestionada instituci\u00f3n local a cargo de la por siempre nefasta, Teresita Zuloaga.<\/p>\n\n\n\n<p>Al quedar sin sus padres, y por tener niveles importantes de retrasos madurativos, fue ordenada judicialmente su internaci\u00f3n en la A.P.A.N.D. de Baradero.<\/p>\n\n\n\n<p>Sus familiares ya hab\u00edan denunciado, luego de detectar en ella, maltratos por parte de empleados de A.P.A.N.D, sede situada a metros del paso a nivel de calle San Mart\u00edn, cuya directora es, una tal Susana Rodr\u00edguez.<\/p>\n\n\n\n<p>En esta sede de A.P.A.N.D ocurrieron los hechos m\u00e1s aberrantes acaecidos, denunciados y acreditados a lo largo de su historia, muerte por quemadura en la ducha (agua caliente) de un interno autista, al ser ba\u00f1ado en la referida ONG, joven atropellado d\u00edas despu\u00e9s por un tren en el paso a nivel, impacto que se llev\u00f3 su vida, ambos temas, levantados en tapa por Pagina 12, con el t\u00edtulo \u201cLos Tutores del miedo\u201d<\/p>\n\n\n\n<p>Por aquellos d\u00edas y hasta que asumi\u00f3 como intendenta de Baradero, quien hac\u00eda de abogada defensora de A.P.A.N.D., fue la mism\u00edsima Dra. Fernanda Antonijevic.<\/p>\n\n\n\n<p>M\u00e1s ac\u00e1, muchos casos m\u00e1s para recordar, el m\u00e1s resonante de estos \u00faltimos, el de Elvio \u00bfTe acordas de Elvio? El joven que ingres\u00f3 con los mismos golpes que Elizabeth lo hizo hace un\u00a0 par de d\u00edas atr\u00e1s al hospital, que termin\u00f3 muriendo producto de esos golpes un a\u00f1o despu\u00e9s en Montes de Oca, causa que archiv\u00f3 el Fiscal Granda con el argumento de que, a su criterio, manchaba la imagen de su amiga, Antonijevic, y que por tal motivo, jam\u00e1s fue activada por \u00e9l, ni en lo m\u00e1s m\u00ednimo que hizo a ella.<\/p>\n\n\n\n<ul class=\"wp-block-gallery columns-2 is-cropped wp-block-gallery-1 is-layout-flex wp-block-gallery-is-layout-flex\"><li class=\"blocks-gallery-item\"><figure><img decoding=\"async\" width=\"400\" height=\"300\" data-attachment-id=\"56509\" data-permalink=\"https:\/\/eldiariodesanpedro.com.ar\/sitio\/baradero-asesinos-no-es-neumonia\/346-400x300\/\" data-orig-file=\"https:\/\/eldiariodesanpedro.com.ar\/sitio\/wp-content\/uploads\/2019\/07\/346-400x300.jpg\" data-orig-size=\"400,300\" data-comments-opened=\"1\" data-image-meta=\"{&quot;aperture&quot;:&quot;0&quot;,&quot;credit&quot;:&quot;&quot;,&quot;camera&quot;:&quot;&quot;,&quot;caption&quot;:&quot;&quot;,&quot;created_timestamp&quot;:&quot;0&quot;,&quot;copyright&quot;:&quot;&quot;,&quot;focal_length&quot;:&quot;0&quot;,&quot;iso&quot;:&quot;0&quot;,&quot;shutter_speed&quot;:&quot;0&quot;,&quot;title&quot;:&quot;&quot;,&quot;orientation&quot;:&quot;0&quot;}\" data-image-title=\"346-400&amp;#215;300\" data-image-description=\"\" data-image-caption=\"\" data-large-file=\"https:\/\/eldiariodesanpedro.com.ar\/sitio\/wp-content\/uploads\/2019\/07\/346-400x300.jpg\" data-src=\"https:\/\/eldiariodesanpedro.com.ar\/sitio\/wp-content\/uploads\/2019\/07\/346-400x300.jpg\" alt=\"\" data-id=\"56509\" data-link=\"https:\/\/eldiariodesanpedro.com.ar\/sitio\/?attachment_id=56509\" class=\"wp-image-56509 lazyload\" data-srcset=\"https:\/\/eldiariodesanpedro.com.ar\/sitio\/wp-content\/uploads\/2019\/07\/346-400x300.jpg 400w, https:\/\/eldiariodesanpedro.com.ar\/sitio\/wp-content\/uploads\/2019\/07\/346-400x300-300x225.jpg 300w\" data-sizes=\"(max-width: 400px) 100vw, 400px\" src=\"data:image\/svg+xml;base64,PHN2ZyB3aWR0aD0iMSIgaGVpZ2h0PSIxIiB4bWxucz0iaHR0cDovL3d3dy53My5vcmcvMjAwMC9zdmciPjwvc3ZnPg==\" style=\"--smush-placeholder-width: 400px; --smush-placeholder-aspect-ratio: 400\/300;\" \/><\/figure><\/li><li class=\"blocks-gallery-item\"><figure><img decoding=\"async\" width=\"960\" height=\"450\" data-attachment-id=\"56510\" data-permalink=\"https:\/\/eldiariodesanpedro.com.ar\/sitio\/baradero-asesinos-no-es-neumonia\/captura_de_pantalla_de_2016-07-20_160059-1\/\" data-orig-file=\"https:\/\/eldiariodesanpedro.com.ar\/sitio\/wp-content\/uploads\/2019\/07\/captura_de_pantalla_de_2016-07-20_160059-1.jpg\" data-orig-size=\"960,450\" data-comments-opened=\"1\" data-image-meta=\"{&quot;aperture&quot;:&quot;0&quot;,&quot;credit&quot;:&quot;&quot;,&quot;camera&quot;:&quot;&quot;,&quot;caption&quot;:&quot;&quot;,&quot;created_timestamp&quot;:&quot;0&quot;,&quot;copyright&quot;:&quot;&quot;,&quot;focal_length&quot;:&quot;0&quot;,&quot;iso&quot;:&quot;0&quot;,&quot;shutter_speed&quot;:&quot;0&quot;,&quot;title&quot;:&quot;&quot;,&quot;orientation&quot;:&quot;0&quot;}\" data-image-title=\"captura_de_pantalla_de_2016-07-20_160059 (1)\" data-image-description=\"\" data-image-caption=\"\" data-large-file=\"https:\/\/eldiariodesanpedro.com.ar\/sitio\/wp-content\/uploads\/2019\/07\/captura_de_pantalla_de_2016-07-20_160059-1.jpg\" data-src=\"https:\/\/eldiariodesanpedro.com.ar\/sitio\/wp-content\/uploads\/2019\/07\/captura_de_pantalla_de_2016-07-20_160059-1.jpg\" alt=\"\" data-id=\"56510\" data-link=\"https:\/\/eldiariodesanpedro.com.ar\/sitio\/?attachment_id=56510\" class=\"wp-image-56510 lazyload\" data-srcset=\"https:\/\/eldiariodesanpedro.com.ar\/sitio\/wp-content\/uploads\/2019\/07\/captura_de_pantalla_de_2016-07-20_160059-1.jpg 960w, https:\/\/eldiariodesanpedro.com.ar\/sitio\/wp-content\/uploads\/2019\/07\/captura_de_pantalla_de_2016-07-20_160059-1-300x141.jpg 300w, https:\/\/eldiariodesanpedro.com.ar\/sitio\/wp-content\/uploads\/2019\/07\/captura_de_pantalla_de_2016-07-20_160059-1-768x360.jpg 768w\" data-sizes=\"(max-width: 960px) 100vw, 960px\" src=\"data:image\/svg+xml;base64,PHN2ZyB3aWR0aD0iMSIgaGVpZ2h0PSIxIiB4bWxucz0iaHR0cDovL3d3dy53My5vcmcvMjAwMC9zdmciPjwvc3ZnPg==\" style=\"--smush-placeholder-width: 960px; --smush-placeholder-aspect-ratio: 960\/450;\" \/><\/figure><\/li><\/ul>\n\n\n\n<p><strong>NUEVO CASO, \u201cSIEMPRE APAND\u201d<\/strong><\/p>\n\n\n\n<p>Elizabeth Zurita ingres\u00f3 al Hospital Lino Pi\u00f1eiro hace dos d\u00edas atr\u00e1s, con un cuadro, seg\u00fan denuncian las autoridades del nosocomio local, de NEUMON\u00cdA avanzada.<\/p>\n\n\n\n<p>A Elizabeth, durante tres semanas la mantuvieron oculta puertas adentro de A.P.A.N.D., con un cuadro de GRIPE A,&nbsp; sin el tratamiento m\u00e9dico correspondiente, cuando ya no dio para m\u00e1s, como en casi todos los aberrantes casos acontecidos en esta instituci\u00f3n, al nosocomio local, ella fue a parar.<\/p>\n\n\n\n<p>El m\u00e9dico de A.P.A.N.D. es Jorge Mecco, Vice Director del Lino Pi\u00f1eiro Baradero.<\/p>\n\n\n\n<p><strong>MASACRADA A LOS GOLPES, SEG\u00daN ZULOAGA, \u201cPRODUCTOS DE UNA CA\u00cdDA\u201d<\/strong><\/p>\n\n\n\n<figure class=\"wp-block-image\"><img decoding=\"async\" width=\"768\" height=\"1024\" data-attachment-id=\"56511\" data-permalink=\"https:\/\/eldiariodesanpedro.com.ar\/sitio\/baradero-asesinos-no-es-neumonia\/91dbee22-aa12-4eaa-b3ab-87d001ebd836-768x1024\/\" data-orig-file=\"https:\/\/eldiariodesanpedro.com.ar\/sitio\/wp-content\/uploads\/2019\/07\/91dbee22-aa12-4eaa-b3ab-87d001ebd836-768x1024.jpg\" data-orig-size=\"768,1024\" data-comments-opened=\"1\" data-image-meta=\"{&quot;aperture&quot;:&quot;0&quot;,&quot;credit&quot;:&quot;&quot;,&quot;camera&quot;:&quot;&quot;,&quot;caption&quot;:&quot;&quot;,&quot;created_timestamp&quot;:&quot;0&quot;,&quot;copyright&quot;:&quot;&quot;,&quot;focal_length&quot;:&quot;0&quot;,&quot;iso&quot;:&quot;0&quot;,&quot;shutter_speed&quot;:&quot;0&quot;,&quot;title&quot;:&quot;&quot;,&quot;orientation&quot;:&quot;0&quot;}\" data-image-title=\"91dbee22-aa12-4eaa-b3ab-87d001ebd836-768&amp;#215;1024\" data-image-description=\"\" data-image-caption=\"\" data-large-file=\"https:\/\/eldiariodesanpedro.com.ar\/sitio\/wp-content\/uploads\/2019\/07\/91dbee22-aa12-4eaa-b3ab-87d001ebd836-768x1024-768x1024.jpg\" data-src=\"https:\/\/i1.wp.com\/eldiariodesanpedro.com.ar\/sitio\/wp-content\/uploads\/2019\/07\/91dbee22-aa12-4eaa-b3ab-87d001ebd836-768x1024.jpg?fit=660%2C880\" alt=\"\" class=\"wp-image-56511 lazyload\" data-srcset=\"https:\/\/eldiariodesanpedro.com.ar\/sitio\/wp-content\/uploads\/2019\/07\/91dbee22-aa12-4eaa-b3ab-87d001ebd836-768x1024.jpg 768w, https:\/\/eldiariodesanpedro.com.ar\/sitio\/wp-content\/uploads\/2019\/07\/91dbee22-aa12-4eaa-b3ab-87d001ebd836-768x1024-225x300.jpg 225w\" data-sizes=\"(max-width: 768px) 100vw, 768px\" src=\"data:image\/svg+xml;base64,PHN2ZyB3aWR0aD0iMSIgaGVpZ2h0PSIxIiB4bWxucz0iaHR0cDovL3d3dy53My5vcmcvMjAwMC9zdmciPjwvc3ZnPg==\" style=\"--smush-placeholder-width: 768px; --smush-placeholder-aspect-ratio: 768\/1024;\" \/><\/figure>\n\n\n\n<p>\u201cCon neumon\u00eda y \u201calgunos\u201d moretones\u201d, el Director del Hospital, Mariano Davio, describi\u00f3 en el d\u00eda de ayer, el ingreso de la interna al nosocomio p\u00fablico que \u00e9l conduce.<\/p>\n\n\n\n<p>La \u201cDUE\u00d1A\u201d de APAND, Teresita Zuloaga, tanto ante las autoridades del Hospital, como as\u00ed tambi\u00e9n, ante sus familiares en la FM TIEMPO en la ma\u00f1ana de hoy, manifest\u00f3 que dichos golpes, son producto de que Elizabeth \u201cse cay\u00f3\u201d y que quedaron tan pronunciados, a ra\u00edz de la debilidad que en su organismo se ha producido con motivo de la neumon\u00eda que ella tiene.<\/p>\n\n\n\n<p>Siniestra, caradura, insensible, inescrupulosa, miserable y asesina, as\u00ed la definimos en BL a esta nefasta mujer de la localidad en que todos vivimos.<\/p>\n\n\n\n<p>Elizabeth tiene las marcas de los golpes que en las fotos podes ver, pero no son las \u00fanicas, ellas \u201cdecoran\u201d su cuerpo entero, de punta a punta de su larga extensi\u00f3n.<\/p>\n\n\n\n<p>Producto de la BRUTAL golpiza de la que fue objeto, le rompieron su vaso sangu\u00edneo, y por tal raz\u00f3n, uno de sus pulmones est\u00e1 lleno de l\u00edquido y sangre.<\/p>\n\n\n\n<p><strong>LLENA DE PIOJOS<\/strong><\/p>\n\n\n\n<p>Adem\u00e1s, como si todo esto fuera poco, Elizabeth ingres\u00f3 TAPADA de piojos, mal nutrida y mugrienta, abandono estructural de su persona, es lo que una vez m\u00e1s queda acreditado con este otro caso de la nefasta APAND acontecido en nuestra ciudad.<\/p>\n\n\n\n<p><strong>ESTADO CRITICO<\/strong><\/p>\n\n\n\n<p>As\u00ed se encuentra en este momento el estado de salud de Elizabeth Zurita, \u201cCRITICO\u201d y hay que rezar porque pueda superar este mal trance, provocado por quienes debieron \u201ccuidarla\u201d y casi la terminan&nbsp; MATANDO.<\/p>\n\n\n\n<p>\u00bfHasta cu\u00e1ndo?<\/p>\n\n\n\n<p>Fuente: Baradero Late<\/p>\n\n\n\n<figure class=\"wp-block-embed-wordpress wp-block-embed is-type-wp-embed is-provider-baradero-late\"><div class=\"wp-block-embed__wrapper\">\nhttp:\/\/baraderolate.com.ar\/2016\/05\/24\/los-tutores-del-miedo-nota-de-tapa-sobre-apand-publicada-en-2006-por-pagina-12\/\n<\/div><\/figure>\n","protected":false},"excerpt":{"rendered":"<p>Elisabeth Zurita es una interna de A.P.A.N.D., hace m\u00e1s de diez a\u00f1os que, por orden judicial, recay\u00f3 en la muy cuestionada instituci\u00f3n local a cargo de la por siempre nefasta, Teresita Zuloaga. Al quedar sin sus padres, y por tener niveles importantes de retrasos madurativos, fue ordenada judicialmente su internaci\u00f3n en la A.P.A.N.D. de Baradero. [&hellip;]<\/p>\n","protected":false},"author":4,"featured_media":56512,"comment_status":"open","ping_status":"closed","sticky":false,"template":"","format":"standard","meta":{"om_disable_all_campaigns":false,"_jetpack_memberships_contains_paid_content":false,"footnotes":""},"categories":[621],"tags":[],"class_list":["post-56508","post","type-post","status-publish","format-standard","has-post-thumbnail","hentry","category-regionales"],"aioseo_notices":[],"gutentor_comment":1,"jetpack_featured_media_url":"https:\/\/eldiariodesanpedro.com.ar\/sitio\/wp-content\/uploads\/2019\/07\/9b7374f1-bbba-42d1-ba5a-4179e40859a8-576x1024.jpg","jetpack_shortlink":"https:\/\/wp.me\/p6RhLt-eHq","jetpack_sharing_enabled":true,"_links":{"self":[{"href":"https:\/\/eldiariodesanpedro.com.ar\/sitio\/wp-json\/wp\/v2\/posts\/56508","targetHints":{"allow":["GET"]}}],"collection":[{"href":"https:\/\/eldiariodesanpedro.com.ar\/sitio\/wp-json\/wp\/v2\/posts"}],"about":[{"href":"https:\/\/eldiariodesanpedro.com.ar\/sitio\/wp-json\/wp\/v2\/types\/post"}],"author":[{"embeddable":true,"href":"https:\/\/eldiariodesanpedro.com.ar\/sitio\/wp-json\/wp\/v2\/users\/4"}],"replies":[{"embeddable":true,"href":"https:\/\/eldiariodesanpedro.com.ar\/sitio\/wp-json\/wp\/v2\/comments?post=56508"}],"version-history":[{"count":4,"href":"https:\/\/eldiariodesanpedro.com.ar\/sitio\/wp-json\/wp\/v2\/posts\/56508\/revisions"}],"predecessor-version":[{"id":56561,"href":"https:\/\/eldiariodesanpedro.com.ar\/sitio\/wp-json\/wp\/v2\/posts\/56508\/revisions\/56561"}],"wp:featuredmedia":[{"embeddable":true,"href":"https:\/\/eldiariodesanpedro.com.ar\/sitio\/wp-json\/wp\/v2\/media\/56512"}],"wp:attachment":[{"href":"https:\/\/eldiariodesanpedro.com.ar\/sitio\/wp-json\/wp\/v2\/media?parent=56508"}],"wp:term":[{"taxonomy":"category","embeddable":true,"href":"https:\/\/eldiariodesanpedro.com.ar\/sitio\/wp-json\/wp\/v2\/categories?post=56508"},{"taxonomy":"post_tag","embeddable":true,"href":"https:\/\/eldiariodesanpedro.com.ar\/sitio\/wp-json\/wp\/v2\/tags?post=56508"}],"curies":[{"name":"wp","href":"https:\/\/api.w.org\/{rel}","templated":true}]}}