{"id":56501,"date":"2019-07-19T17:32:26","date_gmt":"2019-07-19T20:32:26","guid":{"rendered":"https:\/\/eldiariodesanpedro.com.ar\/sitio\/?p=56501"},"modified":"2019-07-19T17:32:30","modified_gmt":"2019-07-19T20:32:30","slug":"san-nicolas-cayo-vendedor-de-drogas","status":"publish","type":"post","link":"https:\/\/eldiariodesanpedro.com.ar\/sitio\/san-nicolas-cayo-vendedor-de-drogas\/","title":{"rendered":"SAN NICOLAS | Cay\u00f3 vendedor de drogas"},"content":{"rendered":"<!-- VideographyWP Plugin Message: Automatic video embedding prevented by plugin options. -->\n\n<p>\n\nUn llamado al 911 denunci\u00f3 tiempo atr\u00e1s que un joven, de 25 a\u00f1os y con residencia en los monoblocks cercanos al Cementerio Municipal, vend\u00eda marihuana.<\/p>\n\n\n\n<p>Este jueves por la tarde se cumpli\u00f3 un allanamiento en un departamento del primer Monoblock, por vender droga en la Plaza 14 de Abril y en la escuela ubicada en Viale y Urquiza.<\/p>\n\n\n\n<p>Personal policial de la Delegaci\u00f3n de Investigaci\u00f3n de Drogas Il\u00edcitas y Crimen Organizado de San Nicol\u00e1s, realiz\u00f3 tareas de seguimiento en diversos d\u00edas y horarios, logrando determinar que efectivamente exist\u00eda el delito.<\/p>\n\n\n\n<p>El Fiscal, Dr. Patricio M\u00fagica D\u00edaz solicit\u00f3 al Juzgado de Garant\u00edas N\u00b0 3 de la Dra. Mar\u00eda Eugenia Maiztegui una orden de allanamiento, concretando exitosamente el procedimiento hoy, en el domicilio del sujeto investigado y de apodo \u00abNacho\u00bb.<\/p>\n\n\n\n<p>En un departamento del primer Monoblock secuestraron 50 gramos de marihuana fraccionada. Cuando ingresaron los instructores al domicilio encontraron al sujeto fraccionando la misma droga, por lo tanto lograron incautar un trozo compacto de marihuana, adem\u00e1s de 20 envoltorios de nylon con estupefaciente listo para la venta.<\/p>\n\n\n\n<p>\u201cNacho\u201d G\u00f3mez, quien ser\u00e1 indagado este viernes por el Dr. Patricio M\u00fagica D\u00edaz, est\u00e1 acusado de los delitos de comercializaci\u00f3n de estupefacientes y tenencia con fines de comercializaci\u00f3n.<\/p>\n\n\n\n<p>Gran trabajo de todos para detener a este joven que atenta contra la salud de los nicole\u00f1os, frecuentando principalmente espacios p\u00fablicos de concurrencia joven, como escuela primaria y secundaria, club de tenis y el campo de Virgen del Rosario, seg\u00fan supo FLASH24. Lo hac\u00eda a toda hora.<\/p>\n\n\n\n<p>Fuente: Flash 24<\/p>\n","protected":false},"excerpt":{"rendered":"<p>Un llamado al 911 denunci\u00f3 tiempo atr\u00e1s que un joven, de 25 a\u00f1os y con residencia en los monoblocks cercanos al Cementerio Municipal, vend\u00eda marihuana. Este jueves por la tarde se cumpli\u00f3 un allanamiento en un departamento del primer Monoblock, por vender droga en la Plaza 14 de Abril y en la escuela ubicada en [&hellip;]<\/p>\n","protected":false},"author":4,"featured_media":56502,"comment_status":"open","ping_status":"closed","sticky":false,"template":"","format":"standard","meta":{"om_disable_all_campaigns":false,"_jetpack_memberships_contains_paid_content":false,"footnotes":""},"categories":[621],"tags":[],"class_list":["post-56501","post","type-post","status-publish","format-standard","has-post-thumbnail","hentry","category-regionales"],"aioseo_notices":[],"gutentor_comment":0,"jetpack_featured_media_url":"https:\/\/eldiariodesanpedro.com.ar\/sitio\/wp-content\/uploads\/2019\/07\/67271541_2383631485214093_6353127697396269056_n.jpg","jetpack_shortlink":"https:\/\/wp.me\/p6RhLt-eHj","jetpack_sharing_enabled":true,"_links":{"self":[{"href":"https:\/\/eldiariodesanpedro.com.ar\/sitio\/wp-json\/wp\/v2\/posts\/56501","targetHints":{"allow":["GET"]}}],"collection":[{"href":"https:\/\/eldiariodesanpedro.com.ar\/sitio\/wp-json\/wp\/v2\/posts"}],"about":[{"href":"https:\/\/eldiariodesanpedro.com.ar\/sitio\/wp-json\/wp\/v2\/types\/post"}],"author":[{"embeddable":true,"href":"https:\/\/eldiariodesanpedro.com.ar\/sitio\/wp-json\/wp\/v2\/users\/4"}],"replies":[{"embeddable":true,"href":"https:\/\/eldiariodesanpedro.com.ar\/sitio\/wp-json\/wp\/v2\/comments?post=56501"}],"version-history":[{"count":1,"href":"https:\/\/eldiariodesanpedro.com.ar\/sitio\/wp-json\/wp\/v2\/posts\/56501\/revisions"}],"predecessor-version":[{"id":56503,"href":"https:\/\/eldiariodesanpedro.com.ar\/sitio\/wp-json\/wp\/v2\/posts\/56501\/revisions\/56503"}],"wp:featuredmedia":[{"embeddable":true,"href":"https:\/\/eldiariodesanpedro.com.ar\/sitio\/wp-json\/wp\/v2\/media\/56502"}],"wp:attachment":[{"href":"https:\/\/eldiariodesanpedro.com.ar\/sitio\/wp-json\/wp\/v2\/media?parent=56501"}],"wp:term":[{"taxonomy":"category","embeddable":true,"href":"https:\/\/eldiariodesanpedro.com.ar\/sitio\/wp-json\/wp\/v2\/categories?post=56501"},{"taxonomy":"post_tag","embeddable":true,"href":"https:\/\/eldiariodesanpedro.com.ar\/sitio\/wp-json\/wp\/v2\/tags?post=56501"}],"curies":[{"name":"wp","href":"https:\/\/api.w.org\/{rel}","templated":true}]}}