{"id":56498,"date":"2019-07-19T17:30:26","date_gmt":"2019-07-19T20:30:26","guid":{"rendered":"https:\/\/eldiariodesanpedro.com.ar\/sitio\/?p=56498"},"modified":"2019-07-19T17:30:30","modified_gmt":"2019-07-19T20:30:30","slug":"rojas-tres-arrecifenos-accidentados","status":"publish","type":"post","link":"https:\/\/eldiariodesanpedro.com.ar\/sitio\/rojas-tres-arrecifenos-accidentados\/","title":{"rendered":"ROJAS | Tres arrecife\u00f1os accidentados"},"content":{"rendered":"<!-- VideographyWP Plugin Message: Automatic video embedding prevented by plugin options. -->\n\n<p>\n\nDos autos chocaron violentamente en la ruta 188, en cercan\u00edas de la ciudad de Rojas. A ra\u00edz de ello, todos los ocupantes de los veh\u00edculos fueron trasladados al hospital de esa localidad y de Jun\u00edn, con heridas de distintas consideraci\u00f3n.<\/p>\n\n\n\n<p>Un grave accidente se produjo este jueves en ruta 188, en inmediaciones de la ciudad de Rojas.<\/p>\n\n\n\n<p>En un Toyota Corolla viajaba Mauricio Criscuolo, de Chacabuco, quien protagoniz\u00f3 un violento y m\u00faltiple vuelco, quedando el auto absolutamente destruido.<\/p>\n\n\n\n<p>El choque se produjo con un Volkswagen Gol en el que viajaban tres personas de Arrecifes: Valeria Burgos, Silvia Burgos y Ricardo Ra\u00fal Lapaz. Ellos sufrieron heridas menores por las que fueron atendidos en el Hospital de Rojas.<\/p>\n\n\n\n<p>Como consecuencia de la gravedad de las lesiones de Criscuolo, fue trasladado a la ciudad de Jun\u00edn, donde se encuentra internado con traumatismos de distinta consideraci\u00f3n aunque sin riesgo de vida.<\/p>\n\n\n\n<p>Fuente:  Arrecifes Noticias<\/p>\n","protected":false},"excerpt":{"rendered":"<p>Dos autos chocaron violentamente en la ruta 188, en cercan\u00edas de la ciudad de Rojas. A ra\u00edz de ello, todos los ocupantes de los veh\u00edculos fueron trasladados al hospital de esa localidad y de Jun\u00edn, con heridas de distintas consideraci\u00f3n. Un grave accidente se produjo este jueves en ruta 188, en inmediaciones de la ciudad [&hellip;]<\/p>\n","protected":false},"author":4,"featured_media":56499,"comment_status":"open","ping_status":"closed","sticky":false,"template":"","format":"standard","meta":{"om_disable_all_campaigns":false,"_jetpack_memberships_contains_paid_content":false,"footnotes":""},"categories":[621],"tags":[],"class_list":["post-56498","post","type-post","status-publish","format-standard","has-post-thumbnail","hentry","category-regionales"],"aioseo_notices":[],"gutentor_comment":0,"jetpack_featured_media_url":"https:\/\/eldiariodesanpedro.com.ar\/sitio\/wp-content\/uploads\/2019\/07\/toyota-vuelco-769x510.jpg","jetpack_shortlink":"https:\/\/wp.me\/p6RhLt-eHg","jetpack_sharing_enabled":true,"_links":{"self":[{"href":"https:\/\/eldiariodesanpedro.com.ar\/sitio\/wp-json\/wp\/v2\/posts\/56498","targetHints":{"allow":["GET"]}}],"collection":[{"href":"https:\/\/eldiariodesanpedro.com.ar\/sitio\/wp-json\/wp\/v2\/posts"}],"about":[{"href":"https:\/\/eldiariodesanpedro.com.ar\/sitio\/wp-json\/wp\/v2\/types\/post"}],"author":[{"embeddable":true,"href":"https:\/\/eldiariodesanpedro.com.ar\/sitio\/wp-json\/wp\/v2\/users\/4"}],"replies":[{"embeddable":true,"href":"https:\/\/eldiariodesanpedro.com.ar\/sitio\/wp-json\/wp\/v2\/comments?post=56498"}],"version-history":[{"count":1,"href":"https:\/\/eldiariodesanpedro.com.ar\/sitio\/wp-json\/wp\/v2\/posts\/56498\/revisions"}],"predecessor-version":[{"id":56500,"href":"https:\/\/eldiariodesanpedro.com.ar\/sitio\/wp-json\/wp\/v2\/posts\/56498\/revisions\/56500"}],"wp:featuredmedia":[{"embeddable":true,"href":"https:\/\/eldiariodesanpedro.com.ar\/sitio\/wp-json\/wp\/v2\/media\/56499"}],"wp:attachment":[{"href":"https:\/\/eldiariodesanpedro.com.ar\/sitio\/wp-json\/wp\/v2\/media?parent=56498"}],"wp:term":[{"taxonomy":"category","embeddable":true,"href":"https:\/\/eldiariodesanpedro.com.ar\/sitio\/wp-json\/wp\/v2\/categories?post=56498"},{"taxonomy":"post_tag","embeddable":true,"href":"https:\/\/eldiariodesanpedro.com.ar\/sitio\/wp-json\/wp\/v2\/tags?post=56498"}],"curies":[{"name":"wp","href":"https:\/\/api.w.org\/{rel}","templated":true}]}}