{"id":56496,"date":"2019-07-19T17:18:49","date_gmt":"2019-07-19T20:18:49","guid":{"rendered":"https:\/\/eldiariodesanpedro.com.ar\/sitio\/?p=56496"},"modified":"2019-07-19T17:18:53","modified_gmt":"2019-07-19T20:18:53","slug":"ramallo-la-municipalidad-busca-terminar-con-las-inundaciones-en-defensores-de-victoria","status":"publish","type":"post","link":"https:\/\/eldiariodesanpedro.com.ar\/sitio\/ramallo-la-municipalidad-busca-terminar-con-las-inundaciones-en-defensores-de-victoria\/","title":{"rendered":"RAMALLO | La municipalidad busca terminar con las inundaciones en Defensores de Victoria"},"content":{"rendered":"<!-- VideographyWP Plugin Message: Automatic video embedding prevented by plugin options. -->\n\n<p>\n\nEl Intendente Mauro Poletti junto al Secretario de Obras y Servicios P\u00fablicos, Leandro Torri anunciaron una importante obra para este barrio. Con esto se busca terminar con las inundaciones en esta zona.<\/p>\n\n\n\n<p>Adem\u00e1s, luego de ya finalizadas las obras de extendido de la red cloacal y de agua potable, la municipalidad realizar\u00e1 la obra de cord\u00f3n cuneta y asfalto para todo el barrio. La obra tendr\u00e1 un costo de 90 millones de pesos.&nbsp;<br>\u201cVamos a comenzar a desarrollar una obra hidr\u00e1ulica con el objetivo de terminar con el anegamiento de agua en la zona del barrio Defensores de Victoria. Esta obra arranca en la costa del r\u00edo hasta calle Tucum\u00e1n, abarca parte del barrio Laguna Paiva. Vamos a construir un desag\u00fce o ducto por calle Juan B. Justo. Es un proyecto que llev\u00f3 mucho tiempo porque se hizo un anteproyecto con Hidr\u00e1ulica provincial. El primer tramo de la obra es por Juan B Justo, entre Leloir y la costa. Despu\u00e9s vamos a ir subiendo por Juan B. Justo\u201d, manifest\u00f3 el intendente.<\/p>\n","protected":false},"excerpt":{"rendered":"<p>El Intendente Mauro Poletti junto al Secretario de Obras y Servicios P\u00fablicos, Leandro Torri anunciaron una importante obra para este barrio. Con esto se busca terminar con las inundaciones en esta zona. Adem\u00e1s, luego de ya finalizadas las obras de extendido de la red cloacal y de agua potable, la municipalidad realizar\u00e1 la obra de [&hellip;]<\/p>\n","protected":false},"author":4,"featured_media":0,"comment_status":"open","ping_status":"closed","sticky":false,"template":"","format":"standard","meta":{"om_disable_all_campaigns":false,"_jetpack_memberships_contains_paid_content":false,"footnotes":""},"categories":[621],"tags":[],"class_list":["post-56496","post","type-post","status-publish","format-standard","hentry","category-regionales"],"aioseo_notices":[],"gutentor_comment":0,"jetpack_featured_media_url":"","jetpack_shortlink":"https:\/\/wp.me\/p6RhLt-eHe","jetpack_sharing_enabled":true,"_links":{"self":[{"href":"https:\/\/eldiariodesanpedro.com.ar\/sitio\/wp-json\/wp\/v2\/posts\/56496","targetHints":{"allow":["GET"]}}],"collection":[{"href":"https:\/\/eldiariodesanpedro.com.ar\/sitio\/wp-json\/wp\/v2\/posts"}],"about":[{"href":"https:\/\/eldiariodesanpedro.com.ar\/sitio\/wp-json\/wp\/v2\/types\/post"}],"author":[{"embeddable":true,"href":"https:\/\/eldiariodesanpedro.com.ar\/sitio\/wp-json\/wp\/v2\/users\/4"}],"replies":[{"embeddable":true,"href":"https:\/\/eldiariodesanpedro.com.ar\/sitio\/wp-json\/wp\/v2\/comments?post=56496"}],"version-history":[{"count":1,"href":"https:\/\/eldiariodesanpedro.com.ar\/sitio\/wp-json\/wp\/v2\/posts\/56496\/revisions"}],"predecessor-version":[{"id":56497,"href":"https:\/\/eldiariodesanpedro.com.ar\/sitio\/wp-json\/wp\/v2\/posts\/56496\/revisions\/56497"}],"wp:attachment":[{"href":"https:\/\/eldiariodesanpedro.com.ar\/sitio\/wp-json\/wp\/v2\/media?parent=56496"}],"wp:term":[{"taxonomy":"category","embeddable":true,"href":"https:\/\/eldiariodesanpedro.com.ar\/sitio\/wp-json\/wp\/v2\/categories?post=56496"},{"taxonomy":"post_tag","embeddable":true,"href":"https:\/\/eldiariodesanpedro.com.ar\/sitio\/wp-json\/wp\/v2\/tags?post=56496"}],"curies":[{"name":"wp","href":"https:\/\/api.w.org\/{rel}","templated":true}]}}