{"id":56493,"date":"2019-07-19T17:16:43","date_gmt":"2019-07-19T20:16:43","guid":{"rendered":"https:\/\/eldiariodesanpedro.com.ar\/sitio\/?p=56493"},"modified":"2019-07-19T17:16:47","modified_gmt":"2019-07-19T20:16:47","slug":"baradero-antonijevic-2019-juntos-por-el-cambio-presento-la-lista-para-las-paso","status":"publish","type":"post","link":"https:\/\/eldiariodesanpedro.com.ar\/sitio\/baradero-antonijevic-2019-juntos-por-el-cambio-presento-la-lista-para-las-paso\/","title":{"rendered":"BARADERO | Antonijevic 2019: Juntos por el Cambio present\u00f3 la lista para las PASO"},"content":{"rendered":"<!-- VideographyWP Plugin Message: Automatic video embedding prevented by plugin options. -->\n\n<p>\n\nEn el sal\u00f3n del primer piso del Club Atl\u00e9tico, Juntos por el Cambio present\u00f3 oficialmente los candidatos para las PASO del pr\u00f3ximo 11 de Agosto.<\/p>\n\n\n\n<p>Con un importante marco de p\u00fablico, allegados y funcionarios, la actual intendente Antonijevic agradeci\u00f3 el apoyo recibido por simpatizantes a su renovada intenci\u00f3n de continuar cuatro a\u00f1os mas en el sill\u00f3n de San Mart\u00edn y Rodriguez.<\/p>\n\n\n\n<p>Antonijevic baso su discurso en la gesti\u00f3n, que hace m\u00e1s de tres a\u00f1os y medio viene realizando, y solicitando la confianza de los vecinos en las urnas para poder consolidar definitivamente su proyecto de gobierno.<\/p>\n","protected":false},"excerpt":{"rendered":"<p>En el sal\u00f3n del primer piso del Club Atl\u00e9tico, Juntos por el Cambio present\u00f3 oficialmente los candidatos para las PASO del pr\u00f3ximo 11 de Agosto. Con un importante marco de p\u00fablico, allegados y funcionarios, la actual intendente Antonijevic agradeci\u00f3 el apoyo recibido por simpatizantes a su renovada intenci\u00f3n de continuar cuatro a\u00f1os mas en el [&hellip;]<\/p>\n","protected":false},"author":4,"featured_media":56494,"comment_status":"open","ping_status":"closed","sticky":false,"template":"","format":"standard","meta":{"om_disable_all_campaigns":false,"_jetpack_memberships_contains_paid_content":false,"footnotes":""},"categories":[621],"tags":[],"class_list":["post-56493","post","type-post","status-publish","format-standard","has-post-thumbnail","hentry","category-regionales"],"aioseo_notices":[],"gutentor_comment":0,"jetpack_featured_media_url":"https:\/\/eldiariodesanpedro.com.ar\/sitio\/wp-content\/uploads\/2019\/07\/img_4437-copy.jpg","jetpack_shortlink":"https:\/\/wp.me\/p6RhLt-eHb","jetpack_sharing_enabled":true,"_links":{"self":[{"href":"https:\/\/eldiariodesanpedro.com.ar\/sitio\/wp-json\/wp\/v2\/posts\/56493","targetHints":{"allow":["GET"]}}],"collection":[{"href":"https:\/\/eldiariodesanpedro.com.ar\/sitio\/wp-json\/wp\/v2\/posts"}],"about":[{"href":"https:\/\/eldiariodesanpedro.com.ar\/sitio\/wp-json\/wp\/v2\/types\/post"}],"author":[{"embeddable":true,"href":"https:\/\/eldiariodesanpedro.com.ar\/sitio\/wp-json\/wp\/v2\/users\/4"}],"replies":[{"embeddable":true,"href":"https:\/\/eldiariodesanpedro.com.ar\/sitio\/wp-json\/wp\/v2\/comments?post=56493"}],"version-history":[{"count":1,"href":"https:\/\/eldiariodesanpedro.com.ar\/sitio\/wp-json\/wp\/v2\/posts\/56493\/revisions"}],"predecessor-version":[{"id":56495,"href":"https:\/\/eldiariodesanpedro.com.ar\/sitio\/wp-json\/wp\/v2\/posts\/56493\/revisions\/56495"}],"wp:featuredmedia":[{"embeddable":true,"href":"https:\/\/eldiariodesanpedro.com.ar\/sitio\/wp-json\/wp\/v2\/media\/56494"}],"wp:attachment":[{"href":"https:\/\/eldiariodesanpedro.com.ar\/sitio\/wp-json\/wp\/v2\/media?parent=56493"}],"wp:term":[{"taxonomy":"category","embeddable":true,"href":"https:\/\/eldiariodesanpedro.com.ar\/sitio\/wp-json\/wp\/v2\/categories?post=56493"},{"taxonomy":"post_tag","embeddable":true,"href":"https:\/\/eldiariodesanpedro.com.ar\/sitio\/wp-json\/wp\/v2\/tags?post=56493"}],"curies":[{"name":"wp","href":"https:\/\/api.w.org\/{rel}","templated":true}]}}