{"id":56490,"date":"2019-07-19T17:15:36","date_gmt":"2019-07-19T20:15:36","guid":{"rendered":"https:\/\/eldiariodesanpedro.com.ar\/sitio\/?p=56490"},"modified":"2019-07-19T17:15:40","modified_gmt":"2019-07-19T20:15:40","slug":"campana-40-familias-firmaron-actas-de-consolidacion","status":"publish","type":"post","link":"https:\/\/eldiariodesanpedro.com.ar\/sitio\/campana-40-familias-firmaron-actas-de-consolidacion\/","title":{"rendered":"CAMPANA | 40 familias firmaron actas de consolidaci\u00f3n"},"content":{"rendered":"<!-- VideographyWP Plugin Message: Automatic video embedding prevented by plugin options. -->\n\n<p>Se trata de la \u00faltima etapa para la obtenci\u00f3n del t\u00edtulo definitivo de la propiedad. Fueron tramitadas gratuitamente a trav\u00e9s del Municipio mediante la Ley 25.797. El acto estuvo encabezado por el intendente Abella.<\/p>\n\n\n\n<p>En el sal\u00f3n Ronald Nash del Edificio 6 de Julio, se firmaron 40 actas de consolidaci\u00f3n de escrituras bajo la Ley 25.797.<br><\/p>\n\n\n\n<p>Los beneficiarios lograron acceder as\u00ed a la \u00faltima etapa para la obtenci\u00f3n de su escritura definitiva.<\/p>\n\n\n\n<p>\u201cMe alegra ser parte de este acto porque implica que 40 familias de la ciudad apostaron a la escritura p\u00fablica y ahora est\u00e1n a solo un paso de recibirla\u201d, coment\u00f3 el intendente Sebasti\u00e1n Abella al iniciar el acto acompa\u00f1ado por la jefa de Gabinete, Mariela Schvartz, y la escribana Carolina Barassi.<\/p>\n\n\n\n<p>Abella ponder\u00f3 que \u201ces muy confortante tambi\u00e9n saber que quienes hoy est\u00e1n aqu\u00ed esperaron unos pocos meses ya que algunos de estos tr\u00e1mites se iniciaron incluso este 2019\u201d.<\/p>\n\n\n\n<p>Tambi\u00e9n, inst\u00f3 a los nuevos beneficiarios a fomentar la escrituraci\u00f3n gratuita para que muchos m\u00e1s vecinos regularicen gratuitamente su situaci\u00f3n.<\/p>\n\n\n\n<p>\u201cQueremos volver a ganar la confianza del vecino trabajando con compromiso para continuar recuperando tr\u00e1mites que se cre\u00edan perdidos\u201d, cerr\u00f3.\u00a0<\/p>\n\n\n\n<p>Durante el acto, la secretaria de Desarrollo Social y H\u00e1bitat, Cecilia Acciardi, subray\u00f3 el valor de la escrituraci\u00f3n asegurando que \u201ccada familia que recibe una escritura recibe a la vez seguridad y bienestar disfrutando de su propio hogar. Seguramente recuerden este d\u00eda por muchos a\u00f1os\u201d.<\/p>\n\n\n\n<p>Finalmente, el subsecretario de Desarrollo Territorial y H\u00e1bitat, Javier Contreras, destac\u00f3 el compromiso del intendente Abella quien \u201cdesde el inicio de la gesti\u00f3n ofreci\u00f3 los recursos necesarios para poder avanzar en los tr\u00e1mites y logr\u00f3 consolidar un gran equipo de trabajo\u201d.<\/p>\n\n\n\n<p>Contreras coment\u00f3 que en lo que va del a\u00f1o \u2013entre actas definitivas y consolidaciones- ya 220 vecinos accedieron a sus tr\u00e1mites de escrituras y anticip\u00f3 que \u201cel mes pr\u00f3ximo se sumar\u00e1n otros 150\u201d.<\/p>\n\n\n\n<p>La entrega de estas escrituras fue posibles gracias al trabajo mancomunado entre la Subsecretar\u00eda Social de Tierras, Urbanismo y Vivienda de la Provincia de Buenos Aires y la Municipalidad de Campana.<\/p>\n\n\n\n<p>Fuente: Campana Noticias<\/p>\n","protected":false},"excerpt":{"rendered":"<p>Se trata de la \u00faltima etapa para la obtenci\u00f3n del t\u00edtulo definitivo de la propiedad. Fueron tramitadas gratuitamente a trav\u00e9s del Municipio mediante la Ley 25.797. El acto estuvo encabezado por el intendente Abella. En el sal\u00f3n Ronald Nash del Edificio 6 de Julio, se firmaron 40 actas de consolidaci\u00f3n de escrituras bajo la Ley [&hellip;]<\/p>\n","protected":false},"author":4,"featured_media":56491,"comment_status":"open","ping_status":"closed","sticky":false,"template":"","format":"standard","meta":{"om_disable_all_campaigns":false,"_jetpack_memberships_contains_paid_content":false,"footnotes":""},"categories":[621],"tags":[],"class_list":["post-56490","post","type-post","status-publish","format-standard","has-post-thumbnail","hentry","category-regionales"],"aioseo_notices":[],"gutentor_comment":0,"jetpack_featured_media_url":"https:\/\/eldiariodesanpedro.com.ar\/sitio\/wp-content\/uploads\/2019\/07\/20190717081414.jpg","jetpack_shortlink":"https:\/\/wp.me\/p6RhLt-eH8","jetpack_sharing_enabled":true,"_links":{"self":[{"href":"https:\/\/eldiariodesanpedro.com.ar\/sitio\/wp-json\/wp\/v2\/posts\/56490","targetHints":{"allow":["GET"]}}],"collection":[{"href":"https:\/\/eldiariodesanpedro.com.ar\/sitio\/wp-json\/wp\/v2\/posts"}],"about":[{"href":"https:\/\/eldiariodesanpedro.com.ar\/sitio\/wp-json\/wp\/v2\/types\/post"}],"author":[{"embeddable":true,"href":"https:\/\/eldiariodesanpedro.com.ar\/sitio\/wp-json\/wp\/v2\/users\/4"}],"replies":[{"embeddable":true,"href":"https:\/\/eldiariodesanpedro.com.ar\/sitio\/wp-json\/wp\/v2\/comments?post=56490"}],"version-history":[{"count":1,"href":"https:\/\/eldiariodesanpedro.com.ar\/sitio\/wp-json\/wp\/v2\/posts\/56490\/revisions"}],"predecessor-version":[{"id":56492,"href":"https:\/\/eldiariodesanpedro.com.ar\/sitio\/wp-json\/wp\/v2\/posts\/56490\/revisions\/56492"}],"wp:featuredmedia":[{"embeddable":true,"href":"https:\/\/eldiariodesanpedro.com.ar\/sitio\/wp-json\/wp\/v2\/media\/56491"}],"wp:attachment":[{"href":"https:\/\/eldiariodesanpedro.com.ar\/sitio\/wp-json\/wp\/v2\/media?parent=56490"}],"wp:term":[{"taxonomy":"category","embeddable":true,"href":"https:\/\/eldiariodesanpedro.com.ar\/sitio\/wp-json\/wp\/v2\/categories?post=56490"},{"taxonomy":"post_tag","embeddable":true,"href":"https:\/\/eldiariodesanpedro.com.ar\/sitio\/wp-json\/wp\/v2\/tags?post=56490"}],"curies":[{"name":"wp","href":"https:\/\/api.w.org\/{rel}","templated":true}]}}