{"id":56487,"date":"2019-07-19T17:13:19","date_gmt":"2019-07-19T20:13:19","guid":{"rendered":"https:\/\/eldiariodesanpedro.com.ar\/sitio\/?p=56487"},"modified":"2019-07-19T17:13:23","modified_gmt":"2019-07-19T20:13:23","slug":"arrecifes-vacunaron-a-250-perros-en-el-predio-de-la-protectora","status":"publish","type":"post","link":"https:\/\/eldiariodesanpedro.com.ar\/sitio\/arrecifes-vacunaron-a-250-perros-en-el-predio-de-la-protectora\/","title":{"rendered":"ARRECIFES | Vacunaron a 250 perros en el predio de la Protectora"},"content":{"rendered":"<!-- VideographyWP Plugin Message: Automatic video embedding prevented by plugin options. -->\n\n<p>\n\nEn los \u00faltimos d\u00edas, personal de Bromatolog\u00eda a cargo del ingeniero Jorge Filighera, con la colaboraci\u00f3n de personal de la cooperadora de la Sociedad Protectora de Animales, se realiz\u00f3 una importante vacunaci\u00f3n antirr\u00e1bica en el predio del refugio.<\/p>\n\n\n\n<p>Se aplicaron 250 dosis de vacunas, quedando todos los perros protegidos contra la rabia, cumpliendo con el cronograma de vacunaci\u00f3n anual antirr\u00e1bica, a partir de los 3 meses y durante toda la vida de las mascotas.<\/p>\n\n\n\n<p>La rabia puede llegar a ser mortal si no es tratada a tiempo.<\/p>\n\n\n\n<p>La Municipalidad recuerda que si ten\u00e9s una mascota sin vacunar, pod\u00e9s llevarla a la oficina de Bromatolog\u00eda, ubicada en ruta 8 y 51, en el horario de 8:00 a 12:00. Las castraciones, en tanto se realizan los jueves en los barrios y los viernes en Bromatolog\u00eda.<\/p>\n\n\n\n<p>Fuente: Arrecifes Noticias<\/p>\n","protected":false},"excerpt":{"rendered":"<p>En los \u00faltimos d\u00edas, personal de Bromatolog\u00eda a cargo del ingeniero Jorge Filighera, con la colaboraci\u00f3n de personal de la cooperadora de la Sociedad Protectora de Animales, se realiz\u00f3 una importante vacunaci\u00f3n antirr\u00e1bica en el predio del refugio. Se aplicaron 250 dosis de vacunas, quedando todos los perros protegidos contra la rabia, cumpliendo con el [&hellip;]<\/p>\n","protected":false},"author":4,"featured_media":56488,"comment_status":"open","ping_status":"closed","sticky":false,"template":"","format":"standard","meta":{"om_disable_all_campaigns":false,"_jetpack_memberships_contains_paid_content":false,"footnotes":""},"categories":[621],"tags":[],"class_list":["post-56487","post","type-post","status-publish","format-standard","has-post-thumbnail","hentry","category-regionales"],"aioseo_notices":[],"gutentor_comment":0,"jetpack_featured_media_url":"https:\/\/eldiariodesanpedro.com.ar\/sitio\/wp-content\/uploads\/2019\/07\/vacuna-perro.jpg","jetpack_shortlink":"https:\/\/wp.me\/p6RhLt-eH5","jetpack_sharing_enabled":true,"_links":{"self":[{"href":"https:\/\/eldiariodesanpedro.com.ar\/sitio\/wp-json\/wp\/v2\/posts\/56487","targetHints":{"allow":["GET"]}}],"collection":[{"href":"https:\/\/eldiariodesanpedro.com.ar\/sitio\/wp-json\/wp\/v2\/posts"}],"about":[{"href":"https:\/\/eldiariodesanpedro.com.ar\/sitio\/wp-json\/wp\/v2\/types\/post"}],"author":[{"embeddable":true,"href":"https:\/\/eldiariodesanpedro.com.ar\/sitio\/wp-json\/wp\/v2\/users\/4"}],"replies":[{"embeddable":true,"href":"https:\/\/eldiariodesanpedro.com.ar\/sitio\/wp-json\/wp\/v2\/comments?post=56487"}],"version-history":[{"count":1,"href":"https:\/\/eldiariodesanpedro.com.ar\/sitio\/wp-json\/wp\/v2\/posts\/56487\/revisions"}],"predecessor-version":[{"id":56489,"href":"https:\/\/eldiariodesanpedro.com.ar\/sitio\/wp-json\/wp\/v2\/posts\/56487\/revisions\/56489"}],"wp:featuredmedia":[{"embeddable":true,"href":"https:\/\/eldiariodesanpedro.com.ar\/sitio\/wp-json\/wp\/v2\/media\/56488"}],"wp:attachment":[{"href":"https:\/\/eldiariodesanpedro.com.ar\/sitio\/wp-json\/wp\/v2\/media?parent=56487"}],"wp:term":[{"taxonomy":"category","embeddable":true,"href":"https:\/\/eldiariodesanpedro.com.ar\/sitio\/wp-json\/wp\/v2\/categories?post=56487"},{"taxonomy":"post_tag","embeddable":true,"href":"https:\/\/eldiariodesanpedro.com.ar\/sitio\/wp-json\/wp\/v2\/tags?post=56487"}],"curies":[{"name":"wp","href":"https:\/\/api.w.org\/{rel}","templated":true}]}}