{"id":56484,"date":"2019-07-19T17:11:48","date_gmt":"2019-07-19T20:11:48","guid":{"rendered":"https:\/\/eldiariodesanpedro.com.ar\/sitio\/?p=56484"},"modified":"2019-07-19T17:11:56","modified_gmt":"2019-07-19T20:11:56","slug":"baradero-murio-de-neumonia-una-interna-de-a-p-a-n-d-y-otra-se-encuentra-internada","status":"publish","type":"post","link":"https:\/\/eldiariodesanpedro.com.ar\/sitio\/baradero-murio-de-neumonia-una-interna-de-a-p-a-n-d-y-otra-se-encuentra-internada\/","title":{"rendered":"BARADERO | Muri\u00f3 de neumon\u00eda una interna de A.P.A.N.D. y otra se encuentra internada"},"content":{"rendered":"<!-- VideographyWP Plugin Message: Automatic video embedding prevented by plugin options. -->\n\n<p>\n\nSe trata de una joven de menos de 30 a\u00f1os que ingres\u00f3 d\u00edas atr\u00e1s al nosocomio de la localidad.<\/p>\n\n\n\n<p>El Doctor Mariano Davio, Director M\u00e9dico del Hospital, Lino Pi\u00f1eiro quien inform\u00f3&nbsp;sobre la muerte de una interna de A.P.A.N.D.. Ingres\u00f3 al nosocomio &nbsp;con una neumon\u00eda bilateral grave, estaba internada hace 48hs, y luego falleci\u00f3. Se trata de una joven de menos de 30 a\u00f1os.<\/p>\n\n\n\n<p>En este momento hay otra interna de A.P.A.N.D. internada con el mismo cuadro.<\/p>\n\n\n\n<p>\u00abNosotros no sabemos de qu\u00e9 centro vienen, en qu\u00e9 condiciones esta el lugar\u2026.nosotros solo atendemos al paciente urgentemente\u00bb, sostuvo el m\u00e9dico.<\/p>\n\n\n\n<p>Fuente: tiempo Noticias<\/p>\n","protected":false},"excerpt":{"rendered":"<p>Se trata de una joven de menos de 30 a\u00f1os que ingres\u00f3 d\u00edas atr\u00e1s al nosocomio de la localidad. El Doctor Mariano Davio, Director M\u00e9dico del Hospital, Lino Pi\u00f1eiro quien inform\u00f3&nbsp;sobre la muerte de una interna de A.P.A.N.D.. Ingres\u00f3 al nosocomio &nbsp;con una neumon\u00eda bilateral grave, estaba internada hace 48hs, y luego falleci\u00f3. Se trata [&hellip;]<\/p>\n","protected":false},"author":4,"featured_media":56485,"comment_status":"open","ping_status":"closed","sticky":false,"template":"","format":"standard","meta":{"om_disable_all_campaigns":false,"_jetpack_memberships_contains_paid_content":false,"footnotes":""},"categories":[621],"tags":[],"class_list":["post-56484","post","type-post","status-publish","format-standard","has-post-thumbnail","hentry","category-regionales"],"aioseo_notices":[],"gutentor_comment":0,"jetpack_featured_media_url":"https:\/\/eldiariodesanpedro.com.ar\/sitio\/wp-content\/uploads\/2019\/07\/hospital_1_0-1-640x300.jpg","jetpack_shortlink":"https:\/\/wp.me\/p6RhLt-eH2","jetpack_sharing_enabled":true,"_links":{"self":[{"href":"https:\/\/eldiariodesanpedro.com.ar\/sitio\/wp-json\/wp\/v2\/posts\/56484","targetHints":{"allow":["GET"]}}],"collection":[{"href":"https:\/\/eldiariodesanpedro.com.ar\/sitio\/wp-json\/wp\/v2\/posts"}],"about":[{"href":"https:\/\/eldiariodesanpedro.com.ar\/sitio\/wp-json\/wp\/v2\/types\/post"}],"author":[{"embeddable":true,"href":"https:\/\/eldiariodesanpedro.com.ar\/sitio\/wp-json\/wp\/v2\/users\/4"}],"replies":[{"embeddable":true,"href":"https:\/\/eldiariodesanpedro.com.ar\/sitio\/wp-json\/wp\/v2\/comments?post=56484"}],"version-history":[{"count":1,"href":"https:\/\/eldiariodesanpedro.com.ar\/sitio\/wp-json\/wp\/v2\/posts\/56484\/revisions"}],"predecessor-version":[{"id":56486,"href":"https:\/\/eldiariodesanpedro.com.ar\/sitio\/wp-json\/wp\/v2\/posts\/56484\/revisions\/56486"}],"wp:featuredmedia":[{"embeddable":true,"href":"https:\/\/eldiariodesanpedro.com.ar\/sitio\/wp-json\/wp\/v2\/media\/56485"}],"wp:attachment":[{"href":"https:\/\/eldiariodesanpedro.com.ar\/sitio\/wp-json\/wp\/v2\/media?parent=56484"}],"wp:term":[{"taxonomy":"category","embeddable":true,"href":"https:\/\/eldiariodesanpedro.com.ar\/sitio\/wp-json\/wp\/v2\/categories?post=56484"},{"taxonomy":"post_tag","embeddable":true,"href":"https:\/\/eldiariodesanpedro.com.ar\/sitio\/wp-json\/wp\/v2\/tags?post=56484"}],"curies":[{"name":"wp","href":"https:\/\/api.w.org\/{rel}","templated":true}]}}