{"id":56464,"date":"2019-07-19T11:11:38","date_gmt":"2019-07-19T14:11:38","guid":{"rendered":"https:\/\/eldiariodesanpedro.com.ar\/sitio\/?p=56464"},"modified":"2019-07-19T11:11:42","modified_gmt":"2019-07-19T14:11:42","slug":"dos-delincuentes-aprehendidos-por-intento-de-robo-2","status":"publish","type":"post","link":"https:\/\/eldiariodesanpedro.com.ar\/sitio\/dos-delincuentes-aprehendidos-por-intento-de-robo-2\/","title":{"rendered":"Dos delincuentes aprehendidos por intento de robo"},"content":{"rendered":"<!-- VideographyWP Plugin Message: Automatic video embedding prevented by plugin options. -->\n\n<p>Durante la noche de jueves la polic\u00eda quien fue alertada a traves de un llamado telefonico al servicio 911 y tras r\u00e1pido accionar en calle Nuestra Se\u00f1ora del Socorro entre Independencia y Libertad, aprehenden en fuga a dos delincuentes de 23 y 19 a\u00f1os.<\/p>\n\n\n\n<p>Los malvivientes, con frondosos antecedentes, momentos antes hab\u00edan violentado la puerta de una verduleria ubicada a a pocas cuadras con el fin de robo, sin lograr su cometido.<\/p>\n","protected":false},"excerpt":{"rendered":"<p>Durante la noche de jueves la polic\u00eda quien fue alertada a traves de un llamado telefonico al servicio 911 y tras r\u00e1pido accionar en calle Nuestra Se\u00f1ora del Socorro entre Independencia y Libertad, aprehenden en fuga a dos delincuentes de 23 y 19 a\u00f1os. Los malvivientes, con frondosos antecedentes, momentos antes hab\u00edan violentado la puerta [&hellip;]<\/p>\n","protected":false},"author":4,"featured_media":56465,"comment_status":"open","ping_status":"closed","sticky":false,"template":"","format":"standard","meta":{"om_disable_all_campaigns":false,"_jetpack_memberships_contains_paid_content":false,"footnotes":""},"categories":[2,103],"tags":[],"class_list":["post-56464","post","type-post","status-publish","format-standard","has-post-thumbnail","hentry","category-locales","category-policiales-locales"],"aioseo_notices":[],"gutentor_comment":0,"jetpack_featured_media_url":"https:\/\/eldiariodesanpedro.com.ar\/sitio\/wp-content\/uploads\/2019\/07\/124174.jpg","jetpack_shortlink":"https:\/\/wp.me\/p6RhLt-eGI","jetpack_sharing_enabled":true,"_links":{"self":[{"href":"https:\/\/eldiariodesanpedro.com.ar\/sitio\/wp-json\/wp\/v2\/posts\/56464","targetHints":{"allow":["GET"]}}],"collection":[{"href":"https:\/\/eldiariodesanpedro.com.ar\/sitio\/wp-json\/wp\/v2\/posts"}],"about":[{"href":"https:\/\/eldiariodesanpedro.com.ar\/sitio\/wp-json\/wp\/v2\/types\/post"}],"author":[{"embeddable":true,"href":"https:\/\/eldiariodesanpedro.com.ar\/sitio\/wp-json\/wp\/v2\/users\/4"}],"replies":[{"embeddable":true,"href":"https:\/\/eldiariodesanpedro.com.ar\/sitio\/wp-json\/wp\/v2\/comments?post=56464"}],"version-history":[{"count":1,"href":"https:\/\/eldiariodesanpedro.com.ar\/sitio\/wp-json\/wp\/v2\/posts\/56464\/revisions"}],"predecessor-version":[{"id":56466,"href":"https:\/\/eldiariodesanpedro.com.ar\/sitio\/wp-json\/wp\/v2\/posts\/56464\/revisions\/56466"}],"wp:featuredmedia":[{"embeddable":true,"href":"https:\/\/eldiariodesanpedro.com.ar\/sitio\/wp-json\/wp\/v2\/media\/56465"}],"wp:attachment":[{"href":"https:\/\/eldiariodesanpedro.com.ar\/sitio\/wp-json\/wp\/v2\/media?parent=56464"}],"wp:term":[{"taxonomy":"category","embeddable":true,"href":"https:\/\/eldiariodesanpedro.com.ar\/sitio\/wp-json\/wp\/v2\/categories?post=56464"},{"taxonomy":"post_tag","embeddable":true,"href":"https:\/\/eldiariodesanpedro.com.ar\/sitio\/wp-json\/wp\/v2\/tags?post=56464"}],"curies":[{"name":"wp","href":"https:\/\/api.w.org\/{rel}","templated":true}]}}