{"id":56460,"date":"2019-07-19T11:22:01","date_gmt":"2019-07-19T14:22:01","guid":{"rendered":"https:\/\/eldiariodesanpedro.com.ar\/sitio\/?p=56460"},"modified":"2019-07-19T11:22:05","modified_gmt":"2019-07-19T14:22:05","slug":"elecciones-2019-el-precandidato-nato-estelrrich-presenta-su-lista","status":"publish","type":"post","link":"https:\/\/eldiariodesanpedro.com.ar\/sitio\/elecciones-2019-el-precandidato-nato-estelrrich-presenta-su-lista\/","title":{"rendered":"Elecciones 2019: El precandidato \u00d1ato Estelrrich presenta su lista"},"content":{"rendered":"<!-- VideographyWP Plugin Message: Automatic video embedding prevented by plugin options. -->\n\n<p>Este viernes presentar\u00e1 en una conferencia de prensa en su local partidario ubicado en calle Casella 328, la lista N\u00ba6 con la que competir\u00e1 en las pasos una interna por El Frente de Todos.<\/p>\n\n\n\n<p>El precandidato a intendente Eduardo \u00d1ato Estelrrich, presentara oficialmente a sus compa\u00f1eros en una conferencia de prensa,  esta tarde a las 18 horas en su local.<\/p>\n\n\n\n<p>\u00d1ato competir\u00e1 en las Elecciones Primarias Abiertas, Simult\u00e1neas y obligatorias (Pasos) del 11 de agosto,  en una interna por El Frente de Todos con Arana, Ester Noat y  Luciano Juhan.<\/p>\n\n\n\n<p>En la lista se presenta como primer candidato a concejal Horacio Neyra, luego Marisol Huesa, Dario Benitez, Karen Batle, Jorge Fern\u00e1ndez, Viviana Corval\u00e1n, Jonathan Neyra, Barbara Tula y Leonardo Torres.<\/p>\n\n\n\n<p>Silvia Camacho, docente escolar, es la elegida para encabezar la lista de consejeros escolares seguida por Renato Blasconi y Eva Susana Casas.<\/p>\n","protected":false},"excerpt":{"rendered":"<p>Este viernes presentar\u00e1 en una conferencia de prensa en su local partidario ubicado en calle Casella 328, la lista N\u00ba6 con la que competir\u00e1 en las pasos una interna por El Frente de Todos. El precandidato a intendente Eduardo \u00d1ato Estelrrich, presentara oficialmente a sus compa\u00f1eros en una conferencia de prensa, esta tarde a las [&hellip;]<\/p>\n","protected":false},"author":4,"featured_media":56461,"comment_status":"open","ping_status":"closed","sticky":false,"template":"","format":"standard","meta":{"om_disable_all_campaigns":false,"_jetpack_memberships_contains_paid_content":false,"footnotes":""},"categories":[2,102],"tags":[],"class_list":["post-56460","post","type-post","status-publish","format-standard","has-post-thumbnail","hentry","category-locales","category-politica-locales"],"aioseo_notices":[],"gutentor_comment":0,"jetpack_featured_media_url":"https:\/\/eldiariodesanpedro.com.ar\/sitio\/wp-content\/uploads\/2019\/07\/IMG-20190718-WA0010.jpg","jetpack_shortlink":"https:\/\/wp.me\/p6RhLt-eGE","jetpack_sharing_enabled":true,"_links":{"self":[{"href":"https:\/\/eldiariodesanpedro.com.ar\/sitio\/wp-json\/wp\/v2\/posts\/56460","targetHints":{"allow":["GET"]}}],"collection":[{"href":"https:\/\/eldiariodesanpedro.com.ar\/sitio\/wp-json\/wp\/v2\/posts"}],"about":[{"href":"https:\/\/eldiariodesanpedro.com.ar\/sitio\/wp-json\/wp\/v2\/types\/post"}],"author":[{"embeddable":true,"href":"https:\/\/eldiariodesanpedro.com.ar\/sitio\/wp-json\/wp\/v2\/users\/4"}],"replies":[{"embeddable":true,"href":"https:\/\/eldiariodesanpedro.com.ar\/sitio\/wp-json\/wp\/v2\/comments?post=56460"}],"version-history":[{"count":1,"href":"https:\/\/eldiariodesanpedro.com.ar\/sitio\/wp-json\/wp\/v2\/posts\/56460\/revisions"}],"predecessor-version":[{"id":56467,"href":"https:\/\/eldiariodesanpedro.com.ar\/sitio\/wp-json\/wp\/v2\/posts\/56460\/revisions\/56467"}],"wp:featuredmedia":[{"embeddable":true,"href":"https:\/\/eldiariodesanpedro.com.ar\/sitio\/wp-json\/wp\/v2\/media\/56461"}],"wp:attachment":[{"href":"https:\/\/eldiariodesanpedro.com.ar\/sitio\/wp-json\/wp\/v2\/media?parent=56460"}],"wp:term":[{"taxonomy":"category","embeddable":true,"href":"https:\/\/eldiariodesanpedro.com.ar\/sitio\/wp-json\/wp\/v2\/categories?post=56460"},{"taxonomy":"post_tag","embeddable":true,"href":"https:\/\/eldiariodesanpedro.com.ar\/sitio\/wp-json\/wp\/v2\/tags?post=56460"}],"curies":[{"name":"wp","href":"https:\/\/api.w.org\/{rel}","templated":true}]}}