{"id":56459,"date":"2019-07-19T11:04:34","date_gmt":"2019-07-19T14:04:34","guid":{"rendered":"https:\/\/eldiariodesanpedro.com.ar\/sitio\/?p=56459"},"modified":"2019-07-19T11:04:38","modified_gmt":"2019-07-19T14:04:38","slug":"tres-aprehendidos-en-diferentes-circunstancias","status":"publish","type":"post","link":"https:\/\/eldiariodesanpedro.com.ar\/sitio\/tres-aprehendidos-en-diferentes-circunstancias\/","title":{"rendered":"Tres aprehendidos en diferentes circunstancias"},"content":{"rendered":"<!-- VideographyWP Plugin Message: Automatic video embedding prevented by plugin options. -->\n\n<p>Durante la jornada de jueves y madrugada de viernes se realizaron varios operativos realizados por la polic\u00eda de nuestra ciudad donde fueron aprehendidas tres personas por diferentes motivos.<\/p>\n\n\n\n<p>En el primero se dio lugar en calle Juan . Justo y Jose Hernandez donde se procede a la aprehensi\u00f3n de un masculino de 19 a\u00f1os sobre quien pesa un pedido de paradero activo a solicitud de la UFI del Joven N\u00ba 2 de San Nicol\u00e1s con fecha de alta desde el mes de febrero de este a\u00f1o. Mantenida la comunicacion con el magistrado dispone la notificaci\u00f3n comparendo con la sede judicial.<\/p>\n\n\n\n<p>El mismo d\u00eda en virtud a los operativos realizados en la intersecci\u00f3n de las calles Bv. Moreno y Av. 11 de Septiembre se procede a la aprehension de masculino de 31 a\u00f1os a quien se le secuestra de entre sus prendas un baguyo de marihuana.<\/p>\n\n\n\n<p>En horas de la madrugada de este viernes en las calles Mateo Sbert y Bv. Moreno se procede al traslado de masculino de 25 a\u00f1os quien momentos antes de su identificaci\u00f3n circula a bordo motocicleta sin documentaci\u00f3n, portando entre sus prendas un elemento cortante. Tom\u00f3 intervenci\u00f3n el juzgado de paz local y ademas se secuestro el rodado por el personal de transito perteneciente a la municipalidad. <\/p>\n","protected":false},"excerpt":{"rendered":"<p>Durante la jornada de jueves y madrugada de viernes se realizaron varios operativos realizados por la polic\u00eda de nuestra ciudad donde fueron aprehendidas tres personas por diferentes motivos. En el primero se dio lugar en calle Juan . Justo y Jose Hernandez donde se procede a la aprehensi\u00f3n de un masculino de 19 a\u00f1os sobre [&hellip;]<\/p>\n","protected":false},"author":4,"featured_media":56462,"comment_status":"open","ping_status":"closed","sticky":false,"template":"","format":"standard","meta":{"om_disable_all_campaigns":false,"_jetpack_memberships_contains_paid_content":false,"footnotes":""},"categories":[2,103],"tags":[],"class_list":["post-56459","post","type-post","status-publish","format-standard","has-post-thumbnail","hentry","category-locales","category-policiales-locales"],"aioseo_notices":[],"gutentor_comment":0,"jetpack_featured_media_url":"https:\/\/eldiariodesanpedro.com.ar\/sitio\/wp-content\/uploads\/2019\/07\/nuevos-patrulleros-policia-02_5.jpg","jetpack_shortlink":"https:\/\/wp.me\/p6RhLt-eGD","jetpack_sharing_enabled":true,"_links":{"self":[{"href":"https:\/\/eldiariodesanpedro.com.ar\/sitio\/wp-json\/wp\/v2\/posts\/56459","targetHints":{"allow":["GET"]}}],"collection":[{"href":"https:\/\/eldiariodesanpedro.com.ar\/sitio\/wp-json\/wp\/v2\/posts"}],"about":[{"href":"https:\/\/eldiariodesanpedro.com.ar\/sitio\/wp-json\/wp\/v2\/types\/post"}],"author":[{"embeddable":true,"href":"https:\/\/eldiariodesanpedro.com.ar\/sitio\/wp-json\/wp\/v2\/users\/4"}],"replies":[{"embeddable":true,"href":"https:\/\/eldiariodesanpedro.com.ar\/sitio\/wp-json\/wp\/v2\/comments?post=56459"}],"version-history":[{"count":1,"href":"https:\/\/eldiariodesanpedro.com.ar\/sitio\/wp-json\/wp\/v2\/posts\/56459\/revisions"}],"predecessor-version":[{"id":56463,"href":"https:\/\/eldiariodesanpedro.com.ar\/sitio\/wp-json\/wp\/v2\/posts\/56459\/revisions\/56463"}],"wp:featuredmedia":[{"embeddable":true,"href":"https:\/\/eldiariodesanpedro.com.ar\/sitio\/wp-json\/wp\/v2\/media\/56462"}],"wp:attachment":[{"href":"https:\/\/eldiariodesanpedro.com.ar\/sitio\/wp-json\/wp\/v2\/media?parent=56459"}],"wp:term":[{"taxonomy":"category","embeddable":true,"href":"https:\/\/eldiariodesanpedro.com.ar\/sitio\/wp-json\/wp\/v2\/categories?post=56459"},{"taxonomy":"post_tag","embeddable":true,"href":"https:\/\/eldiariodesanpedro.com.ar\/sitio\/wp-json\/wp\/v2\/tags?post=56459"}],"curies":[{"name":"wp","href":"https:\/\/api.w.org\/{rel}","templated":true}]}}