{"id":56456,"date":"2019-07-19T10:51:08","date_gmt":"2019-07-19T13:51:08","guid":{"rendered":"https:\/\/eldiariodesanpedro.com.ar\/sitio\/?p=56456"},"modified":"2019-07-19T10:51:13","modified_gmt":"2019-07-19T13:51:13","slug":"un-aprehendido-por-violencia-de-genero-5","status":"publish","type":"post","link":"https:\/\/eldiariodesanpedro.com.ar\/sitio\/un-aprehendido-por-violencia-de-genero-5\/","title":{"rendered":"Un aprehendido por violencia de g\u00e9nero"},"content":{"rendered":"<!-- VideographyWP Plugin Message: Automatic video embedding prevented by plugin options. -->\n\n<p>Un nuevo caso de violencia de g\u00e9nero sucedi\u00f3 este jueves por la tarde en una vivienda ubicada en calle Manuel iglesias al 1800.<\/p>\n\n\n\n<p>Se hizo presente un m\u00f3vil de la polic\u00eda de nuestra ciudad tras un llamado al 911 por parte de una mujer de 33 a\u00f1os de edad quien denuncia que su ex pareja un hombre de 30 a\u00f1os se hace presente en el lugar amenazandola de muerte.<\/p>\n\n\n\n<p>La victima fue asistida en la Comisar\u00eda de la Mujer y por su parte el agresor fue aprehendido y trasladado a la comisar\u00eda local<\/p>\n","protected":false},"excerpt":{"rendered":"<p>Un nuevo caso de violencia de g\u00e9nero sucedi\u00f3 este jueves por la tarde en una vivienda ubicada en calle Manuel iglesias al 1800. Se hizo presente un m\u00f3vil de la polic\u00eda de nuestra ciudad tras un llamado al 911 por parte de una mujer de 33 a\u00f1os de edad quien denuncia que su ex pareja [&hellip;]<\/p>\n","protected":false},"author":4,"featured_media":56457,"comment_status":"open","ping_status":"closed","sticky":false,"template":"","format":"standard","meta":{"om_disable_all_campaigns":false,"_jetpack_memberships_contains_paid_content":false,"footnotes":""},"categories":[2,103],"tags":[],"class_list":["post-56456","post","type-post","status-publish","format-standard","has-post-thumbnail","hentry","category-locales","category-policiales-locales"],"aioseo_notices":[],"gutentor_comment":0,"jetpack_featured_media_url":"https:\/\/eldiariodesanpedro.com.ar\/sitio\/wp-content\/uploads\/2019\/07\/esposado2.jpg","jetpack_shortlink":"https:\/\/wp.me\/p6RhLt-eGA","jetpack_sharing_enabled":true,"_links":{"self":[{"href":"https:\/\/eldiariodesanpedro.com.ar\/sitio\/wp-json\/wp\/v2\/posts\/56456","targetHints":{"allow":["GET"]}}],"collection":[{"href":"https:\/\/eldiariodesanpedro.com.ar\/sitio\/wp-json\/wp\/v2\/posts"}],"about":[{"href":"https:\/\/eldiariodesanpedro.com.ar\/sitio\/wp-json\/wp\/v2\/types\/post"}],"author":[{"embeddable":true,"href":"https:\/\/eldiariodesanpedro.com.ar\/sitio\/wp-json\/wp\/v2\/users\/4"}],"replies":[{"embeddable":true,"href":"https:\/\/eldiariodesanpedro.com.ar\/sitio\/wp-json\/wp\/v2\/comments?post=56456"}],"version-history":[{"count":1,"href":"https:\/\/eldiariodesanpedro.com.ar\/sitio\/wp-json\/wp\/v2\/posts\/56456\/revisions"}],"predecessor-version":[{"id":56458,"href":"https:\/\/eldiariodesanpedro.com.ar\/sitio\/wp-json\/wp\/v2\/posts\/56456\/revisions\/56458"}],"wp:featuredmedia":[{"embeddable":true,"href":"https:\/\/eldiariodesanpedro.com.ar\/sitio\/wp-json\/wp\/v2\/media\/56457"}],"wp:attachment":[{"href":"https:\/\/eldiariodesanpedro.com.ar\/sitio\/wp-json\/wp\/v2\/media?parent=56456"}],"wp:term":[{"taxonomy":"category","embeddable":true,"href":"https:\/\/eldiariodesanpedro.com.ar\/sitio\/wp-json\/wp\/v2\/categories?post=56456"},{"taxonomy":"post_tag","embeddable":true,"href":"https:\/\/eldiariodesanpedro.com.ar\/sitio\/wp-json\/wp\/v2\/tags?post=56456"}],"curies":[{"name":"wp","href":"https:\/\/api.w.org\/{rel}","templated":true}]}}