{"id":56450,"date":"2019-07-19T10:42:40","date_gmt":"2019-07-19T13:42:40","guid":{"rendered":"https:\/\/eldiariodesanpedro.com.ar\/sitio\/?p=56450"},"modified":"2019-07-19T10:42:41","modified_gmt":"2019-07-19T13:42:41","slug":"el-intendente-visito-las-instalaciones-de-parana-fc-y-avanza-la-tramitacion-de-un-subsidio-para-el-club","status":"publish","type":"post","link":"https:\/\/eldiariodesanpedro.com.ar\/sitio\/el-intendente-visito-las-instalaciones-de-parana-fc-y-avanza-la-tramitacion-de-un-subsidio-para-el-club\/","title":{"rendered":"El Intendente visit\u00f3 las instalaciones de Paran\u00e1 FC y avanza la tramitaci\u00f3n de un subsidio para el club"},"content":{"rendered":"<!-- VideographyWP Plugin Message: Automatic video embedding prevented by plugin options. -->\n\n<p> El Intendente Municipal Cecilio Salazar junto a gran parte de su equipo, realizaron un recorrido por las instalaciones del complejo de Paran\u00e1 FC. En la misma, los directivos del club pusieron en conocimiento de las obras y trabajos realizados, del trabajo y crecimiento de la instituci\u00f3n.<\/p>\n\n\n\n<p>Las autoridades brindaron auspiciosas noticias en relaci\u00f3n al avance del subsidio solicitado al Ministerio de Desarrollo de la Naci\u00f3n y de varios tr\u00e1mites solicitados y gestionados por el Municipio, el HCD y el articulador del Centro de Referencia Jos\u00e9 Luis Franchini.<\/p>\n\n\n\n<p>Luego de la recorrida, la reuni\u00f3n formal y la firma de documentaci\u00f3n, compartieron una agradable comida para dar cierre a esta visita. <\/p>\n\n\n\n<figure class=\"wp-block-image\"><img decoding=\"async\" width=\"1024\" height=\"669\" data-attachment-id=\"56452\" data-permalink=\"https:\/\/eldiariodesanpedro.com.ar\/sitio\/el-intendente-visito-las-instalaciones-de-parana-fc-y-avanza-la-tramitacion-de-un-subsidio-para-el-club\/13-4\/\" data-orig-file=\"https:\/\/eldiariodesanpedro.com.ar\/sitio\/wp-content\/uploads\/2019\/07\/13-e1563543733105.jpg\" data-orig-size=\"1920,1254\" data-comments-opened=\"1\" data-image-meta=\"{&quot;aperture&quot;:&quot;4&quot;,&quot;credit&quot;:&quot;&quot;,&quot;camera&quot;:&quot;Canon EOS 5D Mark III&quot;,&quot;caption&quot;:&quot;&quot;,&quot;created_timestamp&quot;:&quot;1571086715&quot;,&quot;copyright&quot;:&quot;&quot;,&quot;focal_length&quot;:&quot;24&quot;,&quot;iso&quot;:&quot;1600&quot;,&quot;shutter_speed&quot;:&quot;0.016666666666667&quot;,&quot;title&quot;:&quot;&quot;,&quot;orientation&quot;:&quot;0&quot;}\" data-image-title=\"13\" data-image-description=\"\" data-image-caption=\"\" data-large-file=\"https:\/\/eldiariodesanpedro.com.ar\/sitio\/wp-content\/uploads\/2019\/07\/13-1024x669.jpg\" data-src=\"https:\/\/eldiariodesanpedro.com.ar\/sitio\/wp-content\/uploads\/2019\/07\/13-1024x669.jpg\" alt=\"\" class=\"wp-image-56452 lazyload\" src=\"data:image\/svg+xml;base64,PHN2ZyB3aWR0aD0iMSIgaGVpZ2h0PSIxIiB4bWxucz0iaHR0cDovL3d3dy53My5vcmcvMjAwMC9zdmciPjwvc3ZnPg==\" style=\"--smush-placeholder-width: 1024px; --smush-placeholder-aspect-ratio: 1024\/669;\" \/><\/figure>\n","protected":false},"excerpt":{"rendered":"<p>El Intendente Municipal Cecilio Salazar junto a gran parte de su equipo, realizaron un recorrido por las instalaciones del complejo de Paran\u00e1 FC. En la misma, los directivos del club pusieron en conocimiento de las obras y trabajos realizados, del trabajo y crecimiento de la instituci\u00f3n. Las autoridades brindaron auspiciosas noticias en relaci\u00f3n al avance [&hellip;]<\/p>\n","protected":false},"author":4,"featured_media":56451,"comment_status":"open","ping_status":"closed","sticky":false,"template":"","format":"standard","meta":{"om_disable_all_campaigns":false,"_jetpack_memberships_contains_paid_content":false,"footnotes":""},"categories":[101,2],"tags":[],"class_list":["post-56450","post","type-post","status-publish","format-standard","has-post-thumbnail","hentry","category-interes-general-locales","category-locales"],"aioseo_notices":[],"gutentor_comment":0,"jetpack_featured_media_url":"https:\/\/eldiariodesanpedro.com.ar\/sitio\/wp-content\/uploads\/2019\/07\/1-2-e1563543719140.jpg","jetpack_shortlink":"https:\/\/wp.me\/p6RhLt-eGu","jetpack_sharing_enabled":true,"_links":{"self":[{"href":"https:\/\/eldiariodesanpedro.com.ar\/sitio\/wp-json\/wp\/v2\/posts\/56450","targetHints":{"allow":["GET"]}}],"collection":[{"href":"https:\/\/eldiariodesanpedro.com.ar\/sitio\/wp-json\/wp\/v2\/posts"}],"about":[{"href":"https:\/\/eldiariodesanpedro.com.ar\/sitio\/wp-json\/wp\/v2\/types\/post"}],"author":[{"embeddable":true,"href":"https:\/\/eldiariodesanpedro.com.ar\/sitio\/wp-json\/wp\/v2\/users\/4"}],"replies":[{"embeddable":true,"href":"https:\/\/eldiariodesanpedro.com.ar\/sitio\/wp-json\/wp\/v2\/comments?post=56450"}],"version-history":[{"count":1,"href":"https:\/\/eldiariodesanpedro.com.ar\/sitio\/wp-json\/wp\/v2\/posts\/56450\/revisions"}],"predecessor-version":[{"id":56453,"href":"https:\/\/eldiariodesanpedro.com.ar\/sitio\/wp-json\/wp\/v2\/posts\/56450\/revisions\/56453"}],"wp:featuredmedia":[{"embeddable":true,"href":"https:\/\/eldiariodesanpedro.com.ar\/sitio\/wp-json\/wp\/v2\/media\/56451"}],"wp:attachment":[{"href":"https:\/\/eldiariodesanpedro.com.ar\/sitio\/wp-json\/wp\/v2\/media?parent=56450"}],"wp:term":[{"taxonomy":"category","embeddable":true,"href":"https:\/\/eldiariodesanpedro.com.ar\/sitio\/wp-json\/wp\/v2\/categories?post=56450"},{"taxonomy":"post_tag","embeddable":true,"href":"https:\/\/eldiariodesanpedro.com.ar\/sitio\/wp-json\/wp\/v2\/tags?post=56450"}],"curies":[{"name":"wp","href":"https:\/\/api.w.org\/{rel}","templated":true}]}}