{"id":5645,"date":"2016-06-22T12:32:07","date_gmt":"2016-06-22T15:32:07","guid":{"rendered":"https:\/\/eldiariodesanpedro.com.ar\/sitio\/?p=5645"},"modified":"2016-06-22T12:32:07","modified_gmt":"2016-06-22T15:32:07","slug":"choque-en-la-manana-de-hoy","status":"publish","type":"post","link":"https:\/\/eldiariodesanpedro.com.ar\/sitio\/choque-en-la-manana-de-hoy\/","title":{"rendered":"Choque en la ma\u00f1ana de hoy"},"content":{"rendered":"<p><!-- VideographyWP Plugin Message: Automatic video embedding prevented by plugin options. --><br \/>\nEn la ma\u00f1ana de hoy alrededor de las 11:00 horas ocurri\u00f3 un accidente de transito entre una camioneta Toyota Hilux y una moto 110 cc, el lugar fue en calle 9 de Julio entre Mitre y Pellegrini, detr\u00e1s de la iglesia Nuestra Se\u00f1ora del Socorro. La moto que venia circulando por calle Mitre dobla de manera muy abierta y se encuentra con el otro veh\u00edculo que venia de frente. El se\u00f1or que conducia la moto sufrio heridas leves y fue trasladado a la guardia del hospital Emilio Ruffa.<\/p>\n","protected":false},"excerpt":{"rendered":"<p>En la ma\u00f1ana de hoy alrededor de las 11:00 horas ocurri\u00f3 un accidente de transito entre una camioneta Toyota Hilux y una moto 110 cc, el lugar fue en calle 9 de Julio entre Mitre y Pellegrini, detr\u00e1s de la iglesia Nuestra Se\u00f1ora del Socorro. La moto que venia circulando por calle Mitre dobla de [&hellip;]<\/p>\n","protected":false},"author":4,"featured_media":5651,"comment_status":"open","ping_status":"closed","sticky":false,"template":"","format":"standard","meta":{"om_disable_all_campaigns":false,"_jetpack_memberships_contains_paid_content":false,"footnotes":""},"categories":[50,2,103],"tags":[],"class_list":["post-5645","post","type-post","status-publish","format-standard","has-post-thumbnail","hentry","category-destacadas","category-locales","category-policiales-locales"],"aioseo_notices":[],"gutentor_comment":0,"jetpack_featured_media_url":"https:\/\/eldiariodesanpedro.com.ar\/sitio\/wp-content\/uploads\/2016\/06\/accidente.jpg","jetpack_shortlink":"https:\/\/wp.me\/p6RhLt-1t3","jetpack_sharing_enabled":true,"_links":{"self":[{"href":"https:\/\/eldiariodesanpedro.com.ar\/sitio\/wp-json\/wp\/v2\/posts\/5645","targetHints":{"allow":["GET"]}}],"collection":[{"href":"https:\/\/eldiariodesanpedro.com.ar\/sitio\/wp-json\/wp\/v2\/posts"}],"about":[{"href":"https:\/\/eldiariodesanpedro.com.ar\/sitio\/wp-json\/wp\/v2\/types\/post"}],"author":[{"embeddable":true,"href":"https:\/\/eldiariodesanpedro.com.ar\/sitio\/wp-json\/wp\/v2\/users\/4"}],"replies":[{"embeddable":true,"href":"https:\/\/eldiariodesanpedro.com.ar\/sitio\/wp-json\/wp\/v2\/comments?post=5645"}],"version-history":[{"count":1,"href":"https:\/\/eldiariodesanpedro.com.ar\/sitio\/wp-json\/wp\/v2\/posts\/5645\/revisions"}],"predecessor-version":[{"id":5652,"href":"https:\/\/eldiariodesanpedro.com.ar\/sitio\/wp-json\/wp\/v2\/posts\/5645\/revisions\/5652"}],"wp:featuredmedia":[{"embeddable":true,"href":"https:\/\/eldiariodesanpedro.com.ar\/sitio\/wp-json\/wp\/v2\/media\/5651"}],"wp:attachment":[{"href":"https:\/\/eldiariodesanpedro.com.ar\/sitio\/wp-json\/wp\/v2\/media?parent=5645"}],"wp:term":[{"taxonomy":"category","embeddable":true,"href":"https:\/\/eldiariodesanpedro.com.ar\/sitio\/wp-json\/wp\/v2\/categories?post=5645"},{"taxonomy":"post_tag","embeddable":true,"href":"https:\/\/eldiariodesanpedro.com.ar\/sitio\/wp-json\/wp\/v2\/tags?post=5645"}],"curies":[{"name":"wp","href":"https:\/\/api.w.org\/{rel}","templated":true}]}}