{"id":56422,"date":"2019-07-18T18:35:11","date_gmt":"2019-07-18T21:35:11","guid":{"rendered":"https:\/\/eldiariodesanpedro.com.ar\/sitio\/?p=56422"},"modified":"2019-07-18T18:35:15","modified_gmt":"2019-07-18T21:35:15","slug":"prision-preventiva-para-leonardo-maselli-y-el-resto-de-los-detenidos","status":"publish","type":"post","link":"https:\/\/eldiariodesanpedro.com.ar\/sitio\/prision-preventiva-para-leonardo-maselli-y-el-resto-de-los-detenidos\/","title":{"rendered":"Prisi\u00f3n preventiva para Leonardo Maselli y el resto de los detenidos"},"content":{"rendered":"<!-- VideographyWP Plugin Message: Automatic video embedding prevented by plugin options. -->\n\n<p>Pasado el mediod\u00eda del jueves se conoci\u00f3 la resoluci\u00f3n sobre la situaci\u00f3n procesal de los cinco acusados de integrar una banda de piratas del asfalto. Todos deber\u00e1n acompa\u00f1ar la etapa de instrucci\u00f3n alojados en una unidad del Servicio Penitenciario hasta el desarrollo del juicio.<\/p>\n\n\n\n<p>La Jueza\u00a0de Garant\u00edas Mar\u00eda Eugenia Maiztegui hizo lugar al pedido del fiscal Hern\u00e1n Granda y procedi\u00f3 a decretar la prisi\u00f3n preventiva del sampedrino\u00a0Leonardo\u00a0Maselli\u00a0(43 a\u00f1os), su sobrino Leonardo\u00a0Daniel Leguizamo\u00a0(43) con domicilio en la ciudad de Baradero, Rafael Campuzano (43) oriundo de Esteban cheverr\u00eda, Diego Alberto Gim\u00e9nez (43) domiciliado en Boulogne y Wily Anson Alejos Palomino (35) de nacionalidad peruana pero con domicilio en el partido de San Mart\u00edn.<\/p>\n\n\n\n<p>En principio todos aparecen como part\u00edcipes directos con el accionar de una banda de piratas del asfalto que\u00a0actuaba sobre el corredor de la Ruta 9 entre las ciudades de Z\u00e1rate, Baradero y San Pedro.<\/p>\n\n\n\n<p>Los imputados se encuentran detenidos desde el 9 de junio pasado cuando fueron sorprendidos por una comisi\u00f3n policial perteneciente a la DDI en un galp\u00f3n donde antiguamente funcion\u00f3 una empresa metal\u00fargica&nbsp;en la ciudad de baradero; sucedi\u00f3 en el momento justo en qu\u00e9 trasladaban la mercader\u00eda sustra\u00edda desde el cami\u00f3n robado hac\u00eda pocas horas.<\/p>\n\n\n\n<p>La situaci\u00f3n sampedrino Leonardo&nbsp;Maselli, ex chofer del intendente municipal Cecilio Salazar, es sumamente complicada ya que para los investigadores ser\u00eda uno de los cabecillas del grupo, encargado de la log\u00edstica y la ubicaci\u00f3n lo sustra\u00eddo durante los atracos, aunque para la investigaci\u00f3n Maselli no participaba de los asaltos sino que hac\u00eda el trabajo posterior, de enfriamiento de la mercader\u00eda como le dicen.<\/p>\n\n\n\n<p><br>Es bueno recordar que a la par de este\u00a0caso\u00a0al ex trabajador municipal se le abri\u00f3 otra causa por malversaci\u00f3n de fondos p\u00fablicos y defraudaci\u00f3n a la administraci\u00f3n p\u00fablica, ya que al momento de su detenci\u00f3n en Baradero se trasladaba en el veh\u00edculo oficial de la Municipalidad de San Pedro.<br>Todos los detenidos se encuentran alojados en la Unidad Penal N\u00b0 3 de San Nicol\u00e1s.<\/p>\n\n\n\n<p>FUENTE: San Pedro Informa<\/p>\n","protected":false},"excerpt":{"rendered":"<p>Pasado el mediod\u00eda del jueves se conoci\u00f3 la resoluci\u00f3n sobre la situaci\u00f3n procesal de los cinco acusados de integrar una banda de piratas del asfalto. Todos deber\u00e1n acompa\u00f1ar la etapa de instrucci\u00f3n alojados en una unidad del Servicio Penitenciario hasta el desarrollo del juicio. La Jueza\u00a0de Garant\u00edas Mar\u00eda Eugenia Maiztegui hizo lugar al pedido del [&hellip;]<\/p>\n","protected":false},"author":4,"featured_media":56423,"comment_status":"open","ping_status":"closed","sticky":false,"template":"","format":"standard","meta":{"om_disable_all_campaigns":false,"_jetpack_memberships_contains_paid_content":false,"footnotes":""},"categories":[50,2,103],"tags":[],"class_list":["post-56422","post","type-post","status-publish","format-standard","has-post-thumbnail","hentry","category-destacadas","category-locales","category-policiales-locales"],"aioseo_notices":[],"gutentor_comment":0,"jetpack_featured_media_url":"https:\/\/eldiariodesanpedro.com.ar\/sitio\/wp-content\/uploads\/2019\/07\/000078488.jpg","jetpack_shortlink":"https:\/\/wp.me\/p6RhLt-eG2","jetpack_sharing_enabled":true,"_links":{"self":[{"href":"https:\/\/eldiariodesanpedro.com.ar\/sitio\/wp-json\/wp\/v2\/posts\/56422","targetHints":{"allow":["GET"]}}],"collection":[{"href":"https:\/\/eldiariodesanpedro.com.ar\/sitio\/wp-json\/wp\/v2\/posts"}],"about":[{"href":"https:\/\/eldiariodesanpedro.com.ar\/sitio\/wp-json\/wp\/v2\/types\/post"}],"author":[{"embeddable":true,"href":"https:\/\/eldiariodesanpedro.com.ar\/sitio\/wp-json\/wp\/v2\/users\/4"}],"replies":[{"embeddable":true,"href":"https:\/\/eldiariodesanpedro.com.ar\/sitio\/wp-json\/wp\/v2\/comments?post=56422"}],"version-history":[{"count":1,"href":"https:\/\/eldiariodesanpedro.com.ar\/sitio\/wp-json\/wp\/v2\/posts\/56422\/revisions"}],"predecessor-version":[{"id":56424,"href":"https:\/\/eldiariodesanpedro.com.ar\/sitio\/wp-json\/wp\/v2\/posts\/56422\/revisions\/56424"}],"wp:featuredmedia":[{"embeddable":true,"href":"https:\/\/eldiariodesanpedro.com.ar\/sitio\/wp-json\/wp\/v2\/media\/56423"}],"wp:attachment":[{"href":"https:\/\/eldiariodesanpedro.com.ar\/sitio\/wp-json\/wp\/v2\/media?parent=56422"}],"wp:term":[{"taxonomy":"category","embeddable":true,"href":"https:\/\/eldiariodesanpedro.com.ar\/sitio\/wp-json\/wp\/v2\/categories?post=56422"},{"taxonomy":"post_tag","embeddable":true,"href":"https:\/\/eldiariodesanpedro.com.ar\/sitio\/wp-json\/wp\/v2\/tags?post=56422"}],"curies":[{"name":"wp","href":"https:\/\/api.w.org\/{rel}","templated":true}]}}