{"id":56419,"date":"2019-07-18T18:25:16","date_gmt":"2019-07-18T21:25:16","guid":{"rendered":"https:\/\/eldiariodesanpedro.com.ar\/sitio\/?p=56419"},"modified":"2019-07-18T18:29:27","modified_gmt":"2019-07-18T21:29:27","slug":"bedetti-se-nego-a-declarar-pero-aclaro-no-haber-participado-en-el-hecho","status":"publish","type":"post","link":"https:\/\/eldiariodesanpedro.com.ar\/sitio\/bedetti-se-nego-a-declarar-pero-aclaro-no-haber-participado-en-el-hecho\/","title":{"rendered":"Bedetti se neg\u00f3 a declarar pero aclar\u00f3 no haber participado en el hecho"},"content":{"rendered":"<!-- VideographyWP Plugin Message: Automatic video embedding prevented by plugin options. -->\n\n<p>El peligroso delincuente fue apresado este mi\u00e9rcoles por la noche, donde fue trasladado a San Nicolas. Este jueves volvi\u00f3 a nuestra ciudad para que el fiscal Marcelo Manso le tome declaraci\u00f3n pero, el sujeto hizo uso de su derecho a no declarar aunque solo dijo no haber participado en el hecho, acusado de balear a la familia Alsogaray.<\/p>\n\n\n\n<p>El \u00fanico sospechoso de haber ingresado a la vivienda de la familia y disparado contra el matrimonio dejando herida de gravedad a la mujer, Victoria Amatriain, fue finalmente detenido. Se trata de Jonatan Bedetti, un peligroso delincuente con frondosos antecedentes y que se encuentra cumpliendo adem\u00e1s, una condena con prisi\u00f3n domiciliaria por tentativa de homicidio en el a\u00f1o 2016.<\/p>\n\n\n\n<p>Jonathan Bedetti, permanecer\u00e1 detenido en San Nicolas luego de pasar este jueves por Defensor\u00eda y por Fiscalia, donde tendria que haber prestado su declaraci\u00f3n ante el fiscal Manso pero se neg\u00f3 hacerlo.<\/p>\n\n\n\n<p>Para el Juez de Garant\u00edas hubo nuevos datos, nuevas im\u00e1genes de c\u00e1maras de seguridad y videovigilancia de la zona que fortalecieron la sospecha del autor del hecho.  <\/p>\n","protected":false},"excerpt":{"rendered":"<p>El peligroso delincuente fue apresado este mi\u00e9rcoles por la noche, donde fue trasladado a San Nicolas. Este jueves volvi\u00f3 a nuestra ciudad para que el fiscal Marcelo Manso le tome declaraci\u00f3n pero, el sujeto hizo uso de su derecho a no declarar aunque solo dijo no haber participado en el hecho, acusado de balear a [&hellip;]<\/p>\n","protected":false},"author":4,"featured_media":56421,"comment_status":"open","ping_status":"closed","sticky":false,"template":"","format":"standard","meta":{"om_disable_all_campaigns":false,"_jetpack_memberships_contains_paid_content":false,"footnotes":""},"categories":[50,2,103],"tags":[],"class_list":["post-56419","post","type-post","status-publish","format-standard","has-post-thumbnail","hentry","category-destacadas","category-locales","category-policiales-locales"],"aioseo_notices":[],"gutentor_comment":0,"jetpack_featured_media_url":"https:\/\/eldiariodesanpedro.com.ar\/sitio\/wp-content\/uploads\/2019\/07\/Bedetti-detenido-1.jpg","jetpack_shortlink":"https:\/\/wp.me\/p6RhLt-eFZ","jetpack_sharing_enabled":true,"_links":{"self":[{"href":"https:\/\/eldiariodesanpedro.com.ar\/sitio\/wp-json\/wp\/v2\/posts\/56419","targetHints":{"allow":["GET"]}}],"collection":[{"href":"https:\/\/eldiariodesanpedro.com.ar\/sitio\/wp-json\/wp\/v2\/posts"}],"about":[{"href":"https:\/\/eldiariodesanpedro.com.ar\/sitio\/wp-json\/wp\/v2\/types\/post"}],"author":[{"embeddable":true,"href":"https:\/\/eldiariodesanpedro.com.ar\/sitio\/wp-json\/wp\/v2\/users\/4"}],"replies":[{"embeddable":true,"href":"https:\/\/eldiariodesanpedro.com.ar\/sitio\/wp-json\/wp\/v2\/comments?post=56419"}],"version-history":[{"count":1,"href":"https:\/\/eldiariodesanpedro.com.ar\/sitio\/wp-json\/wp\/v2\/posts\/56419\/revisions"}],"predecessor-version":[{"id":56420,"href":"https:\/\/eldiariodesanpedro.com.ar\/sitio\/wp-json\/wp\/v2\/posts\/56419\/revisions\/56420"}],"wp:featuredmedia":[{"embeddable":true,"href":"https:\/\/eldiariodesanpedro.com.ar\/sitio\/wp-json\/wp\/v2\/media\/56421"}],"wp:attachment":[{"href":"https:\/\/eldiariodesanpedro.com.ar\/sitio\/wp-json\/wp\/v2\/media?parent=56419"}],"wp:term":[{"taxonomy":"category","embeddable":true,"href":"https:\/\/eldiariodesanpedro.com.ar\/sitio\/wp-json\/wp\/v2\/categories?post=56419"},{"taxonomy":"post_tag","embeddable":true,"href":"https:\/\/eldiariodesanpedro.com.ar\/sitio\/wp-json\/wp\/v2\/tags?post=56419"}],"curies":[{"name":"wp","href":"https:\/\/api.w.org\/{rel}","templated":true}]}}