{"id":56414,"date":"2019-07-18T17:57:09","date_gmt":"2019-07-18T20:57:09","guid":{"rendered":"https:\/\/eldiariodesanpedro.com.ar\/sitio\/?p=56414"},"modified":"2019-07-18T17:57:14","modified_gmt":"2019-07-18T20:57:14","slug":"el-intendente-visito-las-obras-que-se-realizan-en-el-hospital","status":"publish","type":"post","link":"https:\/\/eldiariodesanpedro.com.ar\/sitio\/el-intendente-visito-las-obras-que-se-realizan-en-el-hospital\/","title":{"rendered":"El Intendente visit\u00f3 las obras que se realizan en el Hospital"},"content":{"rendered":"<!-- VideographyWP Plugin Message: Automatic video embedding prevented by plugin options. -->\n\n<p> El Intendente Cecilio Salazar, junto a miembros de su gabinete, realizaron una recorrida por las obras de remodelaci\u00f3n que se est\u00e1n realizando en la Guardia General del Hospital Emilio Ruffa.<\/p>\n\n\n\n<p>Con una inversi\u00f3n aproximada de 650 mil pesos y tiempo estipulado de 2 semanas, estas obras se suman a las realizadas en el techo del sector de diagn\u00f3stico por im\u00e1genes, la guardia de pediatr\u00eda y la sala de internaci\u00f3n pedi\u00e1trica que ya fueron culminadas y visitadas durante la recorrida de esta ma\u00f1ana. El Jefe Comunal fue muy bien recibido por el personal de las distintas areas del nosocomio.<\/p>\n\n\n\n<p>Las obras de refacci\u00f3n y reestructuraci\u00f3n comprenden el cambio del cielorraso, instalaci\u00f3n el\u00e9ctrica, luminarias, pintura, mamposter\u00eda y sala de espera, que van a ofrecer un mejor servicio y confort del sector de Guardia General del Hospital Emilio Ruffa.<\/p>\n\n\n\n<p>Adem\u00e1s es importante informar que la internaci\u00f3n transitoria fue trasladada a los consultorios internos N\u00b0 14 y 15, y la sala de espera ser\u00e1 utilizada como internaci\u00f3n.<\/p>\n\n\n\n<p>Los consultorios de demanda atienden de 8 a 21 hs. Fuera de ese horario se atender\u00e1, de forma habitual, por Guardia General.<\/p>\n\n\n\n<p>Las emergencias seguir\u00e1n atendi\u00e9ndose de forma normal en la Guardia General, pero estar\u00e1 restringida la atenci\u00f3n de consultas ambulatorias. <\/p>\n\n\n\n<figure class=\"wp-block-image\"><img decoding=\"async\" width=\"1024\" height=\"683\" data-attachment-id=\"56417\" data-permalink=\"https:\/\/eldiariodesanpedro.com.ar\/sitio\/el-intendente-visito-las-obras-que-se-realizan-en-el-hospital\/bi4a0201\/\" data-orig-file=\"https:\/\/eldiariodesanpedro.com.ar\/sitio\/wp-content\/uploads\/2019\/07\/BI4A0201-e1563483380931.jpg\" data-orig-size=\"1920,1280\" data-comments-opened=\"1\" data-image-meta=\"{&quot;aperture&quot;:&quot;4&quot;,&quot;credit&quot;:&quot;&quot;,&quot;camera&quot;:&quot;Canon EOS 5D Mark III&quot;,&quot;caption&quot;:&quot;&quot;,&quot;created_timestamp&quot;:&quot;1571138078&quot;,&quot;copyright&quot;:&quot;&quot;,&quot;focal_length&quot;:&quot;24&quot;,&quot;iso&quot;:&quot;1600&quot;,&quot;shutter_speed&quot;:&quot;0.016666666666667&quot;,&quot;title&quot;:&quot;&quot;,&quot;orientation&quot;:&quot;0&quot;}\" data-image-title=\"BI4A0201\" data-image-description=\"\" data-image-caption=\"\" data-large-file=\"https:\/\/eldiariodesanpedro.com.ar\/sitio\/wp-content\/uploads\/2019\/07\/BI4A0201-1024x683.jpg\" data-src=\"https:\/\/eldiariodesanpedro.com.ar\/sitio\/wp-content\/uploads\/2019\/07\/BI4A0201-1024x683.jpg\" alt=\"\" class=\"wp-image-56417 lazyload\" src=\"data:image\/svg+xml;base64,PHN2ZyB3aWR0aD0iMSIgaGVpZ2h0PSIxIiB4bWxucz0iaHR0cDovL3d3dy53My5vcmcvMjAwMC9zdmciPjwvc3ZnPg==\" style=\"--smush-placeholder-width: 1024px; --smush-placeholder-aspect-ratio: 1024\/683;\" \/><\/figure>\n\n\n\n<figure class=\"wp-block-image\"><img decoding=\"async\" width=\"1024\" height=\"680\" data-attachment-id=\"56415\" data-permalink=\"https:\/\/eldiariodesanpedro.com.ar\/sitio\/el-intendente-visito-las-obras-que-se-realizan-en-el-hospital\/1-103\/\" data-orig-file=\"https:\/\/eldiariodesanpedro.com.ar\/sitio\/wp-content\/uploads\/2019\/07\/1-e1563483357943.jpg\" data-orig-size=\"1920,1276\" data-comments-opened=\"1\" data-image-meta=\"{&quot;aperture&quot;:&quot;7.1&quot;,&quot;credit&quot;:&quot;&quot;,&quot;camera&quot;:&quot;Canon EOS 5D Mark III&quot;,&quot;caption&quot;:&quot;&quot;,&quot;created_timestamp&quot;:&quot;1571139273&quot;,&quot;copyright&quot;:&quot;&quot;,&quot;focal_length&quot;:&quot;24&quot;,&quot;iso&quot;:&quot;100&quot;,&quot;shutter_speed&quot;:&quot;0.01&quot;,&quot;title&quot;:&quot;&quot;,&quot;orientation&quot;:&quot;0&quot;}\" data-image-title=\"1\" data-image-description=\"\" data-image-caption=\"\" data-large-file=\"https:\/\/eldiariodesanpedro.com.ar\/sitio\/wp-content\/uploads\/2019\/07\/1-1024x680.jpg\" data-src=\"https:\/\/eldiariodesanpedro.com.ar\/sitio\/wp-content\/uploads\/2019\/07\/1-1024x680.jpg\" alt=\"\" class=\"wp-image-56415 lazyload\" src=\"data:image\/svg+xml;base64,PHN2ZyB3aWR0aD0iMSIgaGVpZ2h0PSIxIiB4bWxucz0iaHR0cDovL3d3dy53My5vcmcvMjAwMC9zdmciPjwvc3ZnPg==\" style=\"--smush-placeholder-width: 1024px; --smush-placeholder-aspect-ratio: 1024\/680;\" \/><\/figure>\n","protected":false},"excerpt":{"rendered":"<p>El Intendente Cecilio Salazar, junto a miembros de su gabinete, realizaron una recorrida por las obras de remodelaci\u00f3n que se est\u00e1n realizando en la Guardia General del Hospital Emilio Ruffa. Con una inversi\u00f3n aproximada de 650 mil pesos y tiempo estipulado de 2 semanas, estas obras se suman a las realizadas en el techo del [&hellip;]<\/p>\n","protected":false},"author":4,"featured_media":56416,"comment_status":"open","ping_status":"closed","sticky":false,"template":"","format":"standard","meta":{"om_disable_all_campaigns":false,"_jetpack_memberships_contains_paid_content":false,"footnotes":""},"categories":[101,2],"tags":[],"class_list":["post-56414","post","type-post","status-publish","format-standard","has-post-thumbnail","hentry","category-interes-general-locales","category-locales"],"aioseo_notices":[],"gutentor_comment":0,"jetpack_featured_media_url":"https:\/\/eldiariodesanpedro.com.ar\/sitio\/wp-content\/uploads\/2019\/07\/BI4A0163-e1563483342362.jpg","jetpack_shortlink":"https:\/\/wp.me\/p6RhLt-eFU","jetpack_sharing_enabled":true,"_links":{"self":[{"href":"https:\/\/eldiariodesanpedro.com.ar\/sitio\/wp-json\/wp\/v2\/posts\/56414","targetHints":{"allow":["GET"]}}],"collection":[{"href":"https:\/\/eldiariodesanpedro.com.ar\/sitio\/wp-json\/wp\/v2\/posts"}],"about":[{"href":"https:\/\/eldiariodesanpedro.com.ar\/sitio\/wp-json\/wp\/v2\/types\/post"}],"author":[{"embeddable":true,"href":"https:\/\/eldiariodesanpedro.com.ar\/sitio\/wp-json\/wp\/v2\/users\/4"}],"replies":[{"embeddable":true,"href":"https:\/\/eldiariodesanpedro.com.ar\/sitio\/wp-json\/wp\/v2\/comments?post=56414"}],"version-history":[{"count":1,"href":"https:\/\/eldiariodesanpedro.com.ar\/sitio\/wp-json\/wp\/v2\/posts\/56414\/revisions"}],"predecessor-version":[{"id":56418,"href":"https:\/\/eldiariodesanpedro.com.ar\/sitio\/wp-json\/wp\/v2\/posts\/56414\/revisions\/56418"}],"wp:featuredmedia":[{"embeddable":true,"href":"https:\/\/eldiariodesanpedro.com.ar\/sitio\/wp-json\/wp\/v2\/media\/56416"}],"wp:attachment":[{"href":"https:\/\/eldiariodesanpedro.com.ar\/sitio\/wp-json\/wp\/v2\/media?parent=56414"}],"wp:term":[{"taxonomy":"category","embeddable":true,"href":"https:\/\/eldiariodesanpedro.com.ar\/sitio\/wp-json\/wp\/v2\/categories?post=56414"},{"taxonomy":"post_tag","embeddable":true,"href":"https:\/\/eldiariodesanpedro.com.ar\/sitio\/wp-json\/wp\/v2\/tags?post=56414"}],"curies":[{"name":"wp","href":"https:\/\/api.w.org\/{rel}","templated":true}]}}