{"id":5641,"date":"2016-06-22T10:24:14","date_gmt":"2016-06-22T13:24:14","guid":{"rendered":"https:\/\/eldiariodesanpedro.com.ar\/sitio\/?p=5641"},"modified":"2016-06-22T10:24:14","modified_gmt":"2016-06-22T13:24:14","slug":"inflacion-empleo-e-inseguridad-las-principales-preocupaciones-en-la-provincia-de-buenos-aires","status":"publish","type":"post","link":"https:\/\/eldiariodesanpedro.com.ar\/sitio\/inflacion-empleo-e-inseguridad-las-principales-preocupaciones-en-la-provincia-de-buenos-aires\/","title":{"rendered":"Inflaci\u00f3n, empleo e inseguridad: las principales preocupaciones en la provincia de Buenos Aires"},"content":{"rendered":"<p><!-- VideographyWP Plugin Message: Automatic video embedding prevented by plugin options. --><br \/>\nAnte la dif\u00edcil situaci\u00f3n que afrontan los municipios de la Provincia, consultores coinciden en que la hist\u00f3rica preocupaci\u00f3n por la inseguridad se ve desplazada a un segundo lugar, desbancada por los problemas econ\u00f3micos que afronta la ciudadan\u00eda en el cotidiano.<br \/>\nLa p\u00e9rdida de poder adquisitivo producto de la inflaci\u00f3n y el tarifazo, en conjunto con la creciente p\u00e9rdida de puestos de trabajo, se ubican primero en el ranking de preocupaciones de los bonaerenses.<br \/>\n\u201cEl tema econ\u00f3mico es el principal que se desagrega en una serie de aspectos: la inflaci\u00f3n, la p\u00e9rdida de poder adquisitivo, el tarifazo y tambi\u00e9n el tema de la amenaza sobre la fuente de trabajo\u201d, afirm\u00f3 Federico Gonz\u00e1lez, de Gonz\u00e1lez y Valladares.<br \/>\nY aclar\u00f3: \u201cLa inseguridad siempre es el tema principal, pero en este momento est\u00e1 en un segundo lugar de preocupaciones, porque siempre es una cuesti\u00f3n potencial\u201d, mientras que \u201cel tema econ\u00f3mico es algo que est\u00e1 afectando\u201d.<br \/>\nPor otro lado, Carlos Germano destac\u00f3 que la seguridad y la justicia son \u201cuno de los grandes agujeros negros de Provincia\u201d, y consider\u00f3 \u201cno es casual que el primer cambio de gabinete se d\u00e9 en ese rubro\u201d.<br \/>\nAdem\u00e1s resalt\u00f3 que es un problema que \u201cviene de hace much\u00edsimos a\u00f1os, con una seguidilla de pol\u00edticas cambiantes y err\u00e1ticas\u201d, y que Vidal \u201cempieza a tratar de poner su impronta pero con situaciones todav\u00eda err\u00e1ticas, en donde el tema secuestros gener\u00f3 much\u00edsima repercusi\u00f3n medi\u00e1tica\u201d.<br \/>\nRosendo Fraga tambi\u00e9n se refiri\u00f3 al tema y afirm\u00f3 que \u201caunque la ministra de Seguridad de la Naci\u00f3n ha dicho que los secuestros han bajado 27% en el conurbano, no es la sensaci\u00f3n e incluso la experiencia de su poblaci\u00f3n\u201d.<\/p>\n","protected":false},"excerpt":{"rendered":"<p>Ante la dif\u00edcil situaci\u00f3n que afrontan los municipios de la Provincia, consultores coinciden en que la hist\u00f3rica preocupaci\u00f3n por la inseguridad se ve desplazada a un segundo lugar, desbancada por los problemas econ\u00f3micos que afronta la ciudadan\u00eda en el cotidiano. La p\u00e9rdida de poder adquisitivo producto de la inflaci\u00f3n y el tarifazo, en conjunto con [&hellip;]<\/p>\n","protected":false},"author":4,"featured_media":5642,"comment_status":"open","ping_status":"closed","sticky":false,"template":"","format":"standard","meta":{"om_disable_all_campaigns":false,"_jetpack_memberships_contains_paid_content":false,"footnotes":""},"categories":[2],"tags":[],"class_list":["post-5641","post","type-post","status-publish","format-standard","has-post-thumbnail","hentry","category-locales"],"aioseo_notices":[],"gutentor_comment":0,"jetpack_featured_media_url":"https:\/\/eldiariodesanpedro.com.ar\/sitio\/wp-content\/uploads\/2016\/06\/vidal.jpg","jetpack_shortlink":"https:\/\/wp.me\/p6RhLt-1sZ","jetpack_sharing_enabled":true,"_links":{"self":[{"href":"https:\/\/eldiariodesanpedro.com.ar\/sitio\/wp-json\/wp\/v2\/posts\/5641","targetHints":{"allow":["GET"]}}],"collection":[{"href":"https:\/\/eldiariodesanpedro.com.ar\/sitio\/wp-json\/wp\/v2\/posts"}],"about":[{"href":"https:\/\/eldiariodesanpedro.com.ar\/sitio\/wp-json\/wp\/v2\/types\/post"}],"author":[{"embeddable":true,"href":"https:\/\/eldiariodesanpedro.com.ar\/sitio\/wp-json\/wp\/v2\/users\/4"}],"replies":[{"embeddable":true,"href":"https:\/\/eldiariodesanpedro.com.ar\/sitio\/wp-json\/wp\/v2\/comments?post=5641"}],"version-history":[{"count":1,"href":"https:\/\/eldiariodesanpedro.com.ar\/sitio\/wp-json\/wp\/v2\/posts\/5641\/revisions"}],"predecessor-version":[{"id":5643,"href":"https:\/\/eldiariodesanpedro.com.ar\/sitio\/wp-json\/wp\/v2\/posts\/5641\/revisions\/5643"}],"wp:featuredmedia":[{"embeddable":true,"href":"https:\/\/eldiariodesanpedro.com.ar\/sitio\/wp-json\/wp\/v2\/media\/5642"}],"wp:attachment":[{"href":"https:\/\/eldiariodesanpedro.com.ar\/sitio\/wp-json\/wp\/v2\/media?parent=5641"}],"wp:term":[{"taxonomy":"category","embeddable":true,"href":"https:\/\/eldiariodesanpedro.com.ar\/sitio\/wp-json\/wp\/v2\/categories?post=5641"},{"taxonomy":"post_tag","embeddable":true,"href":"https:\/\/eldiariodesanpedro.com.ar\/sitio\/wp-json\/wp\/v2\/tags?post=5641"}],"curies":[{"name":"wp","href":"https:\/\/api.w.org\/{rel}","templated":true}]}}