{"id":56406,"date":"2019-07-18T11:47:43","date_gmt":"2019-07-18T14:47:43","guid":{"rendered":"https:\/\/eldiariodesanpedro.com.ar\/sitio\/?p=56406"},"modified":"2019-07-18T11:47:47","modified_gmt":"2019-07-18T14:47:47","slug":"provincia-creo-la-superintendencia-de-fuerzas-de-operaciones-especiales","status":"publish","type":"post","link":"https:\/\/eldiariodesanpedro.com.ar\/sitio\/provincia-creo-la-superintendencia-de-fuerzas-de-operaciones-especiales\/","title":{"rendered":"Provincia cre\u00f3 la Superintendencia de Fuerzas de Operaciones Especiales"},"content":{"rendered":"<!-- VideographyWP Plugin Message: Automatic video embedding prevented by plugin options. -->\n\n<p>El viceministro de Seguridad bonaerense, Vicente Ventura Barreiro, presidi\u00f3 la ceremonia en la que se present\u00f3 la nueva Superintendencia de Fuerzas de Operaciones Especiales (FOE).<\/p>\n\n\n\n<p>\u00abCon esta decisi\u00f3n, damos un nuevo paso en materia de jerarquizaci\u00f3n de las fuerzas especiales, con el principal objetivo de llevar seguridad a los vecinos y vecinas de la Provincia\u00bb, afirm\u00f3 el funcionario del gabinete de Seguridad bonaerense, durante el acto realizado en la&nbsp;<strong>Escuela de Polic\u00eda \u00abJuan Vucetich\u00bb<\/strong>, ubicada en el&nbsp;<strong>Parque Pereyra Iraola<\/strong>, partido de Berazategui.<\/p>\n\n\n\n<p>Asimismo,&nbsp;<strong>Ventura Barreiro&nbsp;<\/strong>agreg\u00f3: \u00abEstamos convencidos de que optimizando, tanto cuantitativa y como cualitativamente, nuestros recursos humanos, nuestras tropas de \u00e9lite, seguimos construyendo una (provincia de) Buenos Aires m\u00e1s segura, m\u00e1s tranquila y m\u00e1s vivible para todos sus habitantes\u00bb.<\/p>\n\n\n\n<p>\u00abEsta jerarquizaci\u00f3n, este potenciamiento, este impulso del\u00a0<strong>grupo Halc\u00f3n, la UTOI y el GAD<\/strong>\u00a0es un reconocimiento a todos y cada uno de sus miembros, quienes atraviesan una rigurosa capacitaci\u00f3n para afrontar las situaciones m\u00e1s cr\u00edticas, como allanamientos por narcotr\u00e1fico o tomas de rehenes\u00bb, a\u00f1adi\u00f3 el viceministro de la cartera de Seguridad.\u00a0<\/p>\n\n\n\n<p><strong>La nueva Superintendencia, que contar\u00e1 con 2 mil efectivos, va a tener bajo su \u00f3rbita a la Direcci\u00f3n de Seguridad Especial \u00abHalc\u00f3n\u00bb, a la Unidad T\u00e1ctica de Operaciones Inmediatas (UTOI) y a la Direcci\u00f3n de Grupo de Apoyo Departamental<\/strong>, con el objetivo de unificar el funcionamiento, la doctrina, el entrenamiento, la capacitaci\u00f3n, la selecci\u00f3n y la log\u00edstica del personal de esas \u00e1reas.<\/p>\n\n\n\n<p>El Comisario General<strong>&nbsp;Osmar Norberto D\u00edaz<\/strong>, quien hasta la fecha se encontraba a cargo del&nbsp;<strong>Grupo Halc\u00f3n<\/strong>,&nbsp; es el titular de la flamante Superintendencia de Fuerzas Operacionales Especiales.<\/p>\n\n\n\n<p>Luego de anunciar la creaci\u00f3n de la nueva \u00e1rea de los grupos de \u00e9lite policiales, se llev\u00f3 a cabo la ceremonia de egreso de los efectivos que participaron del\u00a0<strong>XXVI Curso Comando Policial Halc\u00f3n y del Curso de Operador T\u00e1ctico de Operaciones Inmediatas (UTOI)<\/strong>, quienes pasar\u00e1n a revistar en esas unidades.<\/p>\n\n\n\n<p>En el acto estuvieron adem\u00e1s el jefe de la Polic\u00eda de la provincia de Buenos Aires, comisario general Fabi\u00e1n Perroni, autoridades ministeriales y de la fuerza.<br><\/p>\n","protected":false},"excerpt":{"rendered":"<p>El viceministro de Seguridad bonaerense, Vicente Ventura Barreiro, presidi\u00f3 la ceremonia en la que se present\u00f3 la nueva Superintendencia de Fuerzas de Operaciones Especiales (FOE). \u00abCon esta decisi\u00f3n, damos un nuevo paso en materia de jerarquizaci\u00f3n de las fuerzas especiales, con el principal objetivo de llevar seguridad a los vecinos y vecinas de la Provincia\u00bb, [&hellip;]<\/p>\n","protected":false},"author":4,"featured_media":56407,"comment_status":"open","ping_status":"closed","sticky":false,"template":"","format":"standard","meta":{"om_disable_all_campaigns":false,"_jetpack_memberships_contains_paid_content":false,"footnotes":""},"categories":[621],"tags":[],"class_list":["post-56406","post","type-post","status-publish","format-standard","has-post-thumbnail","hentry","category-regionales"],"aioseo_notices":[],"gutentor_comment":0,"jetpack_featured_media_url":"https:\/\/eldiariodesanpedro.com.ar\/sitio\/wp-content\/uploads\/2019\/07\/20190717183109_17-7-2019-superintendencia-de-fuerzas-de-operaciones-especiales.jpg","jetpack_shortlink":"https:\/\/wp.me\/p6RhLt-eFM","jetpack_sharing_enabled":true,"_links":{"self":[{"href":"https:\/\/eldiariodesanpedro.com.ar\/sitio\/wp-json\/wp\/v2\/posts\/56406","targetHints":{"allow":["GET"]}}],"collection":[{"href":"https:\/\/eldiariodesanpedro.com.ar\/sitio\/wp-json\/wp\/v2\/posts"}],"about":[{"href":"https:\/\/eldiariodesanpedro.com.ar\/sitio\/wp-json\/wp\/v2\/types\/post"}],"author":[{"embeddable":true,"href":"https:\/\/eldiariodesanpedro.com.ar\/sitio\/wp-json\/wp\/v2\/users\/4"}],"replies":[{"embeddable":true,"href":"https:\/\/eldiariodesanpedro.com.ar\/sitio\/wp-json\/wp\/v2\/comments?post=56406"}],"version-history":[{"count":1,"href":"https:\/\/eldiariodesanpedro.com.ar\/sitio\/wp-json\/wp\/v2\/posts\/56406\/revisions"}],"predecessor-version":[{"id":56408,"href":"https:\/\/eldiariodesanpedro.com.ar\/sitio\/wp-json\/wp\/v2\/posts\/56406\/revisions\/56408"}],"wp:featuredmedia":[{"embeddable":true,"href":"https:\/\/eldiariodesanpedro.com.ar\/sitio\/wp-json\/wp\/v2\/media\/56407"}],"wp:attachment":[{"href":"https:\/\/eldiariodesanpedro.com.ar\/sitio\/wp-json\/wp\/v2\/media?parent=56406"}],"wp:term":[{"taxonomy":"category","embeddable":true,"href":"https:\/\/eldiariodesanpedro.com.ar\/sitio\/wp-json\/wp\/v2\/categories?post=56406"},{"taxonomy":"post_tag","embeddable":true,"href":"https:\/\/eldiariodesanpedro.com.ar\/sitio\/wp-json\/wp\/v2\/tags?post=56406"}],"curies":[{"name":"wp","href":"https:\/\/api.w.org\/{rel}","templated":true}]}}