{"id":56395,"date":"2019-07-18T10:54:52","date_gmt":"2019-07-18T13:54:52","guid":{"rendered":"https:\/\/eldiariodesanpedro.com.ar\/sitio\/?p=56395"},"modified":"2019-07-18T10:54:56","modified_gmt":"2019-07-18T13:54:56","slug":"arrecifes-operativo-mora-blanca-dos-aprehendidos-por-venta-de-droga","status":"publish","type":"post","link":"https:\/\/eldiariodesanpedro.com.ar\/sitio\/arrecifes-operativo-mora-blanca-dos-aprehendidos-por-venta-de-droga\/","title":{"rendered":"ARRECIFES | Operativo \u00abMora Blanca\u00bb: Dos aprehendidos por venta de droga"},"content":{"rendered":"<!-- VideographyWP Plugin Message: Automatic video embedding prevented by plugin options. -->\n\n<p> Secuestro de coca\u00edna preparada para la comercializaci\u00f3n balanzas de precisi\u00f3n, dinero en efectivo y tel\u00e9fonos celulares. <\/p>\n\n\n\n<p>Personal de Narcotr\u00e1fico San Nicol\u00e1s juntamente con personal de la Brigada de Polic\u00eda Federal Argentina Sede San Nicol\u00e1s Dieron\u00a0 Cumplimiento a lo ordenado por S.S. juez de Garant\u00eda Mar\u00eda Eugenia Maiztegui a cargo del Juzgado de garant\u00eda\u00a0 N 3, a solicitud del Sr. Agente Fiscal Dr. Patricio Mugica Diaz, a cargo de\u00a0 la UFI. N 1 tematizada en Estupefacientes.<\/p>\n\n\n\n<p>Todo se inicia a ra\u00edz de un informe Policial dando cuenta que en un domicilio de&nbsp; calle Pergamino a la altura del 650 aproximadamente, de la Localidad de Arrecifes, comercializaria&nbsp; la Sustancia Prohibida, con ayuda de dos masculinos los cuales residen en Barrio FO.NA.VI. y Barrio 24 Viviendas.&nbsp;<\/p>\n\n\n\n<p>&nbsp;Es as\u00ed que personal de Narcotrafico juntamente con personal perteneciente a la Brigada investigativa de Polic\u00eda federal Argentina&nbsp; irrumpieron en dichos domicilios, procediendo&nbsp; al secuestro de cocaina preparada para la comercializaci\u00f3n&nbsp; balanzas de&nbsp; presicion, dinero en efectivo y&nbsp; tel\u00e9fonos celulares, procediendo a la Aprehencion de un Masculino Mayor y una Femenina Mayor, quienes fueron trasladado a sede policial a la espera de ser indagados.<\/p>\n","protected":false},"excerpt":{"rendered":"<p>Secuestro de coca\u00edna preparada para la comercializaci\u00f3n balanzas de precisi\u00f3n, dinero en efectivo y tel\u00e9fonos celulares. Personal de Narcotr\u00e1fico San Nicol\u00e1s juntamente con personal de la Brigada de Polic\u00eda Federal Argentina Sede San Nicol\u00e1s Dieron\u00a0 Cumplimiento a lo ordenado por S.S. juez de Garant\u00eda Mar\u00eda Eugenia Maiztegui a cargo del Juzgado de garant\u00eda\u00a0 N 3, [&hellip;]<\/p>\n","protected":false},"author":4,"featured_media":56396,"comment_status":"open","ping_status":"closed","sticky":false,"template":"","format":"standard","meta":{"om_disable_all_campaigns":false,"_jetpack_memberships_contains_paid_content":false,"footnotes":""},"categories":[621],"tags":[],"class_list":["post-56395","post","type-post","status-publish","format-standard","has-post-thumbnail","hentry","category-regionales"],"aioseo_notices":[],"gutentor_comment":0,"jetpack_featured_media_url":"https:\/\/eldiariodesanpedro.com.ar\/sitio\/wp-content\/uploads\/2019\/07\/screenshot_2019-07-18-09-55-19.png","jetpack_shortlink":"https:\/\/wp.me\/p6RhLt-eFB","jetpack_sharing_enabled":true,"_links":{"self":[{"href":"https:\/\/eldiariodesanpedro.com.ar\/sitio\/wp-json\/wp\/v2\/posts\/56395","targetHints":{"allow":["GET"]}}],"collection":[{"href":"https:\/\/eldiariodesanpedro.com.ar\/sitio\/wp-json\/wp\/v2\/posts"}],"about":[{"href":"https:\/\/eldiariodesanpedro.com.ar\/sitio\/wp-json\/wp\/v2\/types\/post"}],"author":[{"embeddable":true,"href":"https:\/\/eldiariodesanpedro.com.ar\/sitio\/wp-json\/wp\/v2\/users\/4"}],"replies":[{"embeddable":true,"href":"https:\/\/eldiariodesanpedro.com.ar\/sitio\/wp-json\/wp\/v2\/comments?post=56395"}],"version-history":[{"count":1,"href":"https:\/\/eldiariodesanpedro.com.ar\/sitio\/wp-json\/wp\/v2\/posts\/56395\/revisions"}],"predecessor-version":[{"id":56397,"href":"https:\/\/eldiariodesanpedro.com.ar\/sitio\/wp-json\/wp\/v2\/posts\/56395\/revisions\/56397"}],"wp:featuredmedia":[{"embeddable":true,"href":"https:\/\/eldiariodesanpedro.com.ar\/sitio\/wp-json\/wp\/v2\/media\/56396"}],"wp:attachment":[{"href":"https:\/\/eldiariodesanpedro.com.ar\/sitio\/wp-json\/wp\/v2\/media?parent=56395"}],"wp:term":[{"taxonomy":"category","embeddable":true,"href":"https:\/\/eldiariodesanpedro.com.ar\/sitio\/wp-json\/wp\/v2\/categories?post=56395"},{"taxonomy":"post_tag","embeddable":true,"href":"https:\/\/eldiariodesanpedro.com.ar\/sitio\/wp-json\/wp\/v2\/tags?post=56395"}],"curies":[{"name":"wp","href":"https:\/\/api.w.org\/{rel}","templated":true}]}}