{"id":56386,"date":"2019-07-18T10:37:56","date_gmt":"2019-07-18T13:37:56","guid":{"rendered":"https:\/\/eldiariodesanpedro.com.ar\/sitio\/?p=56386"},"modified":"2019-07-18T10:38:00","modified_gmt":"2019-07-18T13:38:00","slug":"rojas-asuntos-internos-de-la-bonaerense-debe-ocuparse-nuevamente-de-la-policia","status":"publish","type":"post","link":"https:\/\/eldiariodesanpedro.com.ar\/sitio\/rojas-asuntos-internos-de-la-bonaerense-debe-ocuparse-nuevamente-de-la-policia\/","title":{"rendered":"ROJAS | Asuntos internos de la bonaerense debe ocuparse nuevamente de la Polic\u00eda"},"content":{"rendered":"<!-- VideographyWP Plugin Message: Automatic video embedding prevented by plugin options. -->\n\n<p>Por estas horas efectivos de la estaci\u00f3n comunal de polic\u00eda de la ciudad de Rojas estar\u00edan denunciando en este organismo con sede en la ciudad de La Plata a sus superiores, los comisarios&nbsp;<strong>Jorge Monfolleda<\/strong>&nbsp;y&nbsp;<strong>Enrique Pages<\/strong>&nbsp;quienes, con la complicidad del secretario municipal de seguridad,&nbsp;<strong>Miguel N\u00fa\u00f1ez<\/strong>&nbsp;someten a una gran cantidad de ellos a condiciones de servicio que rozan la servidumbre.<\/p>\n\n\n\n<p>A las diversas situaciones que deben soportar les pueden caber palabras como abusos, malos tratos, agresiones verbales y ps\u00edquicas, amenazas, desamparo, sometimiento.<\/p>\n\n\n\n<p>unto a todas estas situaciones&nbsp; en las que son obligados a cumplir adicionales en lugares donde deben permanecer m\u00e1s de 6 horas sin ba\u00f1os ni comida, se agregar\u00eda la rendici\u00f3n irregular de estos adicionales y las denominadas horas cores, cuya diferencia se repartir\u00eda en las c\u00fapulas policiales y pol\u00edticas.<\/p>\n\n\n\n<p>Los desmanejos de N\u00fa\u00f1ez ya vienen siendo investigados desde el a\u00f1o 2018 por, entre otros sumarios, un posible desfalco con los vales de combustible y el armado de causas con excesos en los procedimientos con la suspendida oficial Yamila Palacios como principal protagonista. Estas denuncias motivaron a partir de fines de enero de este 2019 el recambio total de todas las c\u00fapulas del distrito, incluyendo las jefaturas de la polic\u00eda y de la estaci\u00f3n comunal, del comando de prevenci\u00f3n rural y de la comisaria de la mujer, junto a los titulares de la departamental Pergamino y de la superintendencia regi\u00f3n norte con asiento en San Nicol\u00e1s.<\/p>\n\n\n\n<p>Recambio que nunca hab\u00eda sucedido de esta manera (todos juntos) y que, en el caso de Rojas, N\u00fa\u00f1ez defini\u00f3 como un salto de calidad, calidad que finalmente se est\u00e1 notando en el aumento de su calidad de vida con cada vez m\u00e1s cantidad de bienes que no se justificar\u00edan con sus ingresos.<\/p>\n\n\n\n<p>Luego de las primeras semanas de instalados los comisarios Monfolleda y Pages, la situaci\u00f3n empeoro para varios de los agentes rojenses que deben callar, bajo amenazas a sus familias, de todos los negociados&nbsp; de los cuales en varios casos serian participes obligados.<\/p>\n\n\n\n<p>Estas actividades ilegales se habr\u00edan intensificado con la presencia de Pages, quien resulto compa\u00f1ero de promoci\u00f3n de N\u00fa\u00f1ez, el cual recordemos, fue exonerado de la bonaerense para luego recalar en Santa Cruz donde fue nuevamente echado.<\/p>\n\n\n\n<p>A estos antecedentes hay que recordar la osad\u00eda de interceder ante un fiscal de Jun\u00edn por la situaci\u00f3n de Yamila Palacios para que se cajonearan las causas, siendo echado casi a patadas por este fiscal de su despacho.<\/p>\n\n\n\n<p>Por todo esto es incomprensible la decisi\u00f3n de la autoridad municipal de sostener a N\u00fa\u00f1ez en su cargo, a menos que su salida pueda significar un riesgo por lo que pueda llegar a declarar ante la justicia, involucrando a varios polic\u00edas y pol\u00edticos en estos hechos que se investigan.<\/p>\n\n\n\n<p>Para cerrar estos nuevos movimientos internos que seguramente se sumaran a los expedientes judiciales en marcha, dejamos para el final un hecho de suma gravedad cuya investigaci\u00f3n reci\u00e9n est\u00e1 comenzando, sobre un presunto abuso sexual a una joven agente policial en el mismo edificio de la Comisaria, quien ha pasado varios meses de angustioso silencio por miedo a las represalias de las que sabe bien que se concretan por haber sido testigo de todo tipo de aprietes a los que someten a sus compa\u00f1eros cuando se niegan a participar de alg\u00fan&nbsp; operativo irregular.<\/p>\n\n\n\n<p>Cambiaron las c\u00fapulas para que nada cambie. Junto por el cambio para garantizar la impunidad.<\/p>\n\n\n\n<p>Fuente: Ramallo Ciudad<\/p>\n","protected":false},"excerpt":{"rendered":"<p>Por estas horas efectivos de la estaci\u00f3n comunal de polic\u00eda de la ciudad de Rojas estar\u00edan denunciando en este organismo con sede en la ciudad de La Plata a sus superiores, los comisarios&nbsp;Jorge Monfolleda&nbsp;y&nbsp;Enrique Pages&nbsp;quienes, con la complicidad del secretario municipal de seguridad,&nbsp;Miguel N\u00fa\u00f1ez&nbsp;someten a una gran cantidad de ellos a condiciones de servicio que [&hellip;]<\/p>\n","protected":false},"author":4,"featured_media":56387,"comment_status":"open","ping_status":"closed","sticky":false,"template":"","format":"standard","meta":{"om_disable_all_campaigns":false,"_jetpack_memberships_contains_paid_content":false,"footnotes":""},"categories":[621],"tags":[],"class_list":["post-56386","post","type-post","status-publish","format-standard","has-post-thumbnail","hentry","category-regionales"],"aioseo_notices":[],"gutentor_comment":0,"jetpack_featured_media_url":"https:\/\/eldiariodesanpedro.com.ar\/sitio\/wp-content\/uploads\/2019\/07\/bbx_858367829_1_page.jpg","jetpack_shortlink":"https:\/\/wp.me\/p6RhLt-eFs","jetpack_sharing_enabled":true,"_links":{"self":[{"href":"https:\/\/eldiariodesanpedro.com.ar\/sitio\/wp-json\/wp\/v2\/posts\/56386","targetHints":{"allow":["GET"]}}],"collection":[{"href":"https:\/\/eldiariodesanpedro.com.ar\/sitio\/wp-json\/wp\/v2\/posts"}],"about":[{"href":"https:\/\/eldiariodesanpedro.com.ar\/sitio\/wp-json\/wp\/v2\/types\/post"}],"author":[{"embeddable":true,"href":"https:\/\/eldiariodesanpedro.com.ar\/sitio\/wp-json\/wp\/v2\/users\/4"}],"replies":[{"embeddable":true,"href":"https:\/\/eldiariodesanpedro.com.ar\/sitio\/wp-json\/wp\/v2\/comments?post=56386"}],"version-history":[{"count":1,"href":"https:\/\/eldiariodesanpedro.com.ar\/sitio\/wp-json\/wp\/v2\/posts\/56386\/revisions"}],"predecessor-version":[{"id":56388,"href":"https:\/\/eldiariodesanpedro.com.ar\/sitio\/wp-json\/wp\/v2\/posts\/56386\/revisions\/56388"}],"wp:featuredmedia":[{"embeddable":true,"href":"https:\/\/eldiariodesanpedro.com.ar\/sitio\/wp-json\/wp\/v2\/media\/56387"}],"wp:attachment":[{"href":"https:\/\/eldiariodesanpedro.com.ar\/sitio\/wp-json\/wp\/v2\/media?parent=56386"}],"wp:term":[{"taxonomy":"category","embeddable":true,"href":"https:\/\/eldiariodesanpedro.com.ar\/sitio\/wp-json\/wp\/v2\/categories?post=56386"},{"taxonomy":"post_tag","embeddable":true,"href":"https:\/\/eldiariodesanpedro.com.ar\/sitio\/wp-json\/wp\/v2\/tags?post=56386"}],"curies":[{"name":"wp","href":"https:\/\/api.w.org\/{rel}","templated":true}]}}