{"id":56383,"date":"2019-07-18T10:34:21","date_gmt":"2019-07-18T13:34:21","guid":{"rendered":"https:\/\/eldiariodesanpedro.com.ar\/sitio\/?p=56383"},"modified":"2019-07-18T10:34:26","modified_gmt":"2019-07-18T13:34:26","slug":"san-nicolas-vidal-tenemos-que-escuchar-lo-que-la-gente-necesita-todos-los-dias","status":"publish","type":"post","link":"https:\/\/eldiariodesanpedro.com.ar\/sitio\/san-nicolas-vidal-tenemos-que-escuchar-lo-que-la-gente-necesita-todos-los-dias\/","title":{"rendered":"SAN NICOL\u00c1S | Vidal: \u00abTenemos que escuchar lo que la gente necesita todos los d\u00edas\u00bb"},"content":{"rendered":"<!-- VideographyWP Plugin Message: Automatic video embedding prevented by plugin options. -->\n\n<p>\n\nLa gobernadora Mar\u00eda Eugenia Vidal visit\u00f3 San Nicol\u00e1s y recorri\u00f3 junto al Intendente Manuel Passaglia y al vicegobernador Daniel Salvador la obra hidr\u00e1ulica del Zanj\u00f3n San Nicol\u00e1s en barrio Santa Rosa. Las tareas est\u00e1n avanzadas en un 80% por lo que se espera que en dos meses pueda estar finalizada.<\/p>\n\n\n\n<p>Vidal salud\u00f3 a los obreros y vecinos que estuvieron presentes en el lugar donde se lleva adelante la obra de entubamiento. Destac\u00f3 que beneficiar\u00e1 a unos 20 mil nicole\u00f1os que ya no tendr\u00e1n inundaci\u00f3n como consecuencia del desag\u00fce de gran caudal de agua en los per\u00edodos de intensas lluvias en la regi\u00f3n.<\/p>\n\n\n\n<p>Tras su llegada a San Nicol\u00e1s, la primera actividad que realiz\u00f3 la gobernadora fue la visita a barrio San Francisco donde se reuni\u00f3 con vecinos de La Emilia que hab\u00edan sufrido la inundaci\u00f3n en 2016. Son familias que viv\u00edan en la zona de La Papelera y fueron reubicados en nuevas viviendas del barrio.&nbsp;<\/p>\n\n\n\n<p>Luego arrib\u00f3 a barrio Santa Rosa donde dialog\u00f3 con la prensa y repas\u00f3 las obras que se llevaron a cabo y se est\u00e1n desarrollando en la ciudad. Mencion\u00f3 la remodelaci\u00f3n de la guardia del Hospital San Felipe, la llegada del SAME y el pavimento en barrios.<\/p>\n\n\n\n<p>\u00abCuando uno est\u00e1, uno puede entender d\u00f3nde est\u00e1n los problemas y se puede ir avanzando. Hemos hecho mucho estos a\u00f1os\u00bb, dijo Vidal. Y agreg\u00f3 que \u00absomos conscientes de que falta mucho. Y para terminar esto que falta, tenemos que escuchar. Escuchar lo que la gente necesita todos los d\u00edas. Uno no puede creer que desde el escritorio sabe todo\u00bb, concluy\u00f3.&nbsp;<\/p>\n\n\n\n<p>De la recorrida tambi\u00e9n participaron los senadores provinciales Marcelo Dileo y Elisa Carca. <\/p>\n\n\n\n<p>Fuente: Diario El Informante<\/p>\n","protected":false},"excerpt":{"rendered":"<p>La gobernadora Mar\u00eda Eugenia Vidal visit\u00f3 San Nicol\u00e1s y recorri\u00f3 junto al Intendente Manuel Passaglia y al vicegobernador Daniel Salvador la obra hidr\u00e1ulica del Zanj\u00f3n San Nicol\u00e1s en barrio Santa Rosa. Las tareas est\u00e1n avanzadas en un 80% por lo que se espera que en dos meses pueda estar finalizada. Vidal salud\u00f3 a los obreros [&hellip;]<\/p>\n","protected":false},"author":4,"featured_media":56384,"comment_status":"open","ping_status":"closed","sticky":false,"template":"","format":"standard","meta":{"om_disable_all_campaigns":false,"_jetpack_memberships_contains_paid_content":false,"footnotes":""},"categories":[621],"tags":[],"class_list":["post-56383","post","type-post","status-publish","format-standard","has-post-thumbnail","hentry","category-regionales"],"aioseo_notices":[],"gutentor_comment":0,"jetpack_featured_media_url":"https:\/\/eldiariodesanpedro.com.ar\/sitio\/wp-content\/uploads\/2019\/07\/conmarca21078.jpg","jetpack_shortlink":"https:\/\/wp.me\/p6RhLt-eFp","jetpack_sharing_enabled":true,"_links":{"self":[{"href":"https:\/\/eldiariodesanpedro.com.ar\/sitio\/wp-json\/wp\/v2\/posts\/56383","targetHints":{"allow":["GET"]}}],"collection":[{"href":"https:\/\/eldiariodesanpedro.com.ar\/sitio\/wp-json\/wp\/v2\/posts"}],"about":[{"href":"https:\/\/eldiariodesanpedro.com.ar\/sitio\/wp-json\/wp\/v2\/types\/post"}],"author":[{"embeddable":true,"href":"https:\/\/eldiariodesanpedro.com.ar\/sitio\/wp-json\/wp\/v2\/users\/4"}],"replies":[{"embeddable":true,"href":"https:\/\/eldiariodesanpedro.com.ar\/sitio\/wp-json\/wp\/v2\/comments?post=56383"}],"version-history":[{"count":1,"href":"https:\/\/eldiariodesanpedro.com.ar\/sitio\/wp-json\/wp\/v2\/posts\/56383\/revisions"}],"predecessor-version":[{"id":56385,"href":"https:\/\/eldiariodesanpedro.com.ar\/sitio\/wp-json\/wp\/v2\/posts\/56383\/revisions\/56385"}],"wp:featuredmedia":[{"embeddable":true,"href":"https:\/\/eldiariodesanpedro.com.ar\/sitio\/wp-json\/wp\/v2\/media\/56384"}],"wp:attachment":[{"href":"https:\/\/eldiariodesanpedro.com.ar\/sitio\/wp-json\/wp\/v2\/media?parent=56383"}],"wp:term":[{"taxonomy":"category","embeddable":true,"href":"https:\/\/eldiariodesanpedro.com.ar\/sitio\/wp-json\/wp\/v2\/categories?post=56383"},{"taxonomy":"post_tag","embeddable":true,"href":"https:\/\/eldiariodesanpedro.com.ar\/sitio\/wp-json\/wp\/v2\/tags?post=56383"}],"curies":[{"name":"wp","href":"https:\/\/api.w.org\/{rel}","templated":true}]}}