{"id":5638,"date":"2016-06-22T10:18:46","date_gmt":"2016-06-22T13:18:46","guid":{"rendered":"https:\/\/eldiariodesanpedro.com.ar\/sitio\/?p=5638"},"modified":"2016-06-22T10:18:46","modified_gmt":"2016-06-22T13:18:46","slug":"un-menor-sufrio-una-quebradura-de-clavicula-por-una-patada-de-un-caballo","status":"publish","type":"post","link":"https:\/\/eldiariodesanpedro.com.ar\/sitio\/un-menor-sufrio-una-quebradura-de-clavicula-por-una-patada-de-un-caballo\/","title":{"rendered":"Un menor sufri\u00f3 una quebradura de clav\u00edcula por una patada de un caballo"},"content":{"rendered":"<p><!-- VideographyWP Plugin Message: Automatic video embedding prevented by plugin options. --><br \/>\nOcurri\u00f3 durante un evento por el D\u00eda de la Bandera que se llev\u00f3 a cabo durante el fin de semana en la localidad. El menor sufri\u00f3 un fuerte golpe tras la patada de un animal y sufri\u00f3 una quebradura de clav\u00edcula.<br \/>\n\u201cAs\u00ed qued\u00f3 mi hijo hoy por haber ido a pasar un rato a la fiesta de R\u00edo Tala. S\u00e9 que los chicos son traviesos, pero no puede ser que en una fiesta anden los caballos entre medio de la gente. A mi hijo lo pate\u00f3 un caballo y tiene fractura de clav\u00edcula, no puede ser que no haya habido una ambulancia o un puesto de la Cruz Roja y es una l\u00e1stima que no haya venido nadie de la organizaci\u00f3n a por lo menos preguntar c\u00f3mo estaba mi hijo\u201d, dijo Eduardo Correa, padre del ni\u00f1o.<br \/>\n\u201cOjal\u00e1 que los organizadores se den cuenta que las cosas hay que hacerlas con seriedad y pensando en la seguridad de la gente, y quiero darles las gracias al se\u00f1or exdelegado Diego Macenet por ser el \u00fanico que se puso a mi disposici\u00f3n por lo que necesite. La verdad una verdadera verg\u00fcenza la organizaci\u00f3n\u201d, concluy\u00f3. <\/p>\n","protected":false},"excerpt":{"rendered":"<p>Ocurri\u00f3 durante un evento por el D\u00eda de la Bandera que se llev\u00f3 a cabo durante el fin de semana en la localidad. El menor sufri\u00f3 un fuerte golpe tras la patada de un animal y sufri\u00f3 una quebradura de clav\u00edcula. \u201cAs\u00ed qued\u00f3 mi hijo hoy por haber ido a pasar un rato a la [&hellip;]<\/p>\n","protected":false},"author":4,"featured_media":5639,"comment_status":"open","ping_status":"closed","sticky":false,"template":"","format":"standard","meta":{"om_disable_all_campaigns":false,"_jetpack_memberships_contains_paid_content":false,"footnotes":""},"categories":[101,2],"tags":[],"class_list":["post-5638","post","type-post","status-publish","format-standard","has-post-thumbnail","hentry","category-interes-general-locales","category-locales"],"aioseo_notices":[],"gutentor_comment":0,"jetpack_featured_media_url":"https:\/\/eldiariodesanpedro.com.ar\/sitio\/wp-content\/uploads\/2016\/06\/PAGINA-5-10.jpg","jetpack_shortlink":"https:\/\/wp.me\/p6RhLt-1sW","jetpack_sharing_enabled":true,"_links":{"self":[{"href":"https:\/\/eldiariodesanpedro.com.ar\/sitio\/wp-json\/wp\/v2\/posts\/5638","targetHints":{"allow":["GET"]}}],"collection":[{"href":"https:\/\/eldiariodesanpedro.com.ar\/sitio\/wp-json\/wp\/v2\/posts"}],"about":[{"href":"https:\/\/eldiariodesanpedro.com.ar\/sitio\/wp-json\/wp\/v2\/types\/post"}],"author":[{"embeddable":true,"href":"https:\/\/eldiariodesanpedro.com.ar\/sitio\/wp-json\/wp\/v2\/users\/4"}],"replies":[{"embeddable":true,"href":"https:\/\/eldiariodesanpedro.com.ar\/sitio\/wp-json\/wp\/v2\/comments?post=5638"}],"version-history":[{"count":1,"href":"https:\/\/eldiariodesanpedro.com.ar\/sitio\/wp-json\/wp\/v2\/posts\/5638\/revisions"}],"predecessor-version":[{"id":5640,"href":"https:\/\/eldiariodesanpedro.com.ar\/sitio\/wp-json\/wp\/v2\/posts\/5638\/revisions\/5640"}],"wp:featuredmedia":[{"embeddable":true,"href":"https:\/\/eldiariodesanpedro.com.ar\/sitio\/wp-json\/wp\/v2\/media\/5639"}],"wp:attachment":[{"href":"https:\/\/eldiariodesanpedro.com.ar\/sitio\/wp-json\/wp\/v2\/media?parent=5638"}],"wp:term":[{"taxonomy":"category","embeddable":true,"href":"https:\/\/eldiariodesanpedro.com.ar\/sitio\/wp-json\/wp\/v2\/categories?post=5638"},{"taxonomy":"post_tag","embeddable":true,"href":"https:\/\/eldiariodesanpedro.com.ar\/sitio\/wp-json\/wp\/v2\/tags?post=5638"}],"curies":[{"name":"wp","href":"https:\/\/api.w.org\/{rel}","templated":true}]}}