{"id":56379,"date":"2019-07-18T10:31:32","date_gmt":"2019-07-18T13:31:32","guid":{"rendered":"https:\/\/eldiariodesanpedro.com.ar\/sitio\/?p=56379"},"modified":"2019-07-18T10:31:36","modified_gmt":"2019-07-18T13:31:36","slug":"san-nicolas-crisis-aplican-suspensiones-y-vacaciones-en-motomel","status":"publish","type":"post","link":"https:\/\/eldiariodesanpedro.com.ar\/sitio\/san-nicolas-crisis-aplican-suspensiones-y-vacaciones-en-motomel\/","title":{"rendered":"SAN NICOLAS | Crisis: Aplican suspensiones y vacaciones en Motomel"},"content":{"rendered":"<!-- VideographyWP Plugin Message: Automatic video embedding prevented by plugin options. -->\n\n<p>El cr\u00edtico panorama que atraviesa la producci\u00f3n industrial en nuestro pa\u00eds golpea con fuerza al sector automotriz y de motoveh\u00edculos. De all\u00ed que no sorprende que las autoridades de Motomel Argentina resolvieran aplicar una semana de suspensi\u00f3n de personal en la planta de La Emilia, y otras dos semanas de vacaciones forzadas para los operarios que conforman la plantilla de empleados. <\/p>\n\n\n\n<p>Seg\u00fan fuentes gremiales le confirmaron a EL NORTE, desde el lunes de esta semana el personal fue suspendido en sus tareas, lo cual tendr\u00e1 impacto en el salario que se perciba a fin de mes. Adem\u00e1s, a partir del lunes pr\u00f3ximo y por dos semanas se instrumentar\u00e1 un esquema de vacaciones forzadas con lo cual ser\u00e1n tres las semanas sin actividad productiva en la planta ubicada a orillas del Arroyo Del Medio. El dato positivo dentro del cr\u00edtico panorama es que \u2013por este momento- no se avanzar\u00e1 en la reducci\u00f3n de la plantilla de operarios, algo que s\u00ed viene ocurriendo en otras plantas del sector. <\/p>\n\n\n\n<p> La decisi\u00f3n de suspender y aplicar vacaciones obedece a la necesidad de no sobre stockearse de productos, mientras se intenta reducir el stock actual. En ese sentido, el mercado de venta de motos 0KM no se recupera y ello genera que los fabricantes acumulen productos que no tienen salida. <\/p>\n\n\n\n<p>Fuente: Diario El Norte<\/p>\n","protected":false},"excerpt":{"rendered":"<p>El cr\u00edtico panorama que atraviesa la producci\u00f3n industrial en nuestro pa\u00eds golpea con fuerza al sector automotriz y de motoveh\u00edculos. De all\u00ed que no sorprende que las autoridades de Motomel Argentina resolvieran aplicar una semana de suspensi\u00f3n de personal en la planta de La Emilia, y otras dos semanas de vacaciones forzadas para los operarios [&hellip;]<\/p>\n","protected":false},"author":4,"featured_media":56381,"comment_status":"open","ping_status":"closed","sticky":false,"template":"","format":"standard","meta":{"om_disable_all_campaigns":false,"_jetpack_memberships_contains_paid_content":false,"footnotes":""},"categories":[621],"tags":[],"class_list":["post-56379","post","type-post","status-publish","format-standard","has-post-thumbnail","hentry","category-regionales"],"aioseo_notices":[],"gutentor_comment":0,"jetpack_featured_media_url":"https:\/\/eldiariodesanpedro.com.ar\/sitio\/wp-content\/uploads\/2019\/07\/0-1-1.jpg","jetpack_shortlink":"https:\/\/wp.me\/p6RhLt-eFl","jetpack_sharing_enabled":true,"_links":{"self":[{"href":"https:\/\/eldiariodesanpedro.com.ar\/sitio\/wp-json\/wp\/v2\/posts\/56379","targetHints":{"allow":["GET"]}}],"collection":[{"href":"https:\/\/eldiariodesanpedro.com.ar\/sitio\/wp-json\/wp\/v2\/posts"}],"about":[{"href":"https:\/\/eldiariodesanpedro.com.ar\/sitio\/wp-json\/wp\/v2\/types\/post"}],"author":[{"embeddable":true,"href":"https:\/\/eldiariodesanpedro.com.ar\/sitio\/wp-json\/wp\/v2\/users\/4"}],"replies":[{"embeddable":true,"href":"https:\/\/eldiariodesanpedro.com.ar\/sitio\/wp-json\/wp\/v2\/comments?post=56379"}],"version-history":[{"count":1,"href":"https:\/\/eldiariodesanpedro.com.ar\/sitio\/wp-json\/wp\/v2\/posts\/56379\/revisions"}],"predecessor-version":[{"id":56382,"href":"https:\/\/eldiariodesanpedro.com.ar\/sitio\/wp-json\/wp\/v2\/posts\/56379\/revisions\/56382"}],"wp:featuredmedia":[{"embeddable":true,"href":"https:\/\/eldiariodesanpedro.com.ar\/sitio\/wp-json\/wp\/v2\/media\/56381"}],"wp:attachment":[{"href":"https:\/\/eldiariodesanpedro.com.ar\/sitio\/wp-json\/wp\/v2\/media?parent=56379"}],"wp:term":[{"taxonomy":"category","embeddable":true,"href":"https:\/\/eldiariodesanpedro.com.ar\/sitio\/wp-json\/wp\/v2\/categories?post=56379"},{"taxonomy":"post_tag","embeddable":true,"href":"https:\/\/eldiariodesanpedro.com.ar\/sitio\/wp-json\/wp\/v2\/tags?post=56379"}],"curies":[{"name":"wp","href":"https:\/\/api.w.org\/{rel}","templated":true}]}}