{"id":56373,"date":"2019-07-18T10:21:24","date_gmt":"2019-07-18T13:21:24","guid":{"rendered":"https:\/\/eldiariodesanpedro.com.ar\/sitio\/?p=56373"},"modified":"2019-07-18T10:21:28","modified_gmt":"2019-07-18T13:21:28","slug":"san-nicolas-en-un-juicio-inedito-condenaron-a-un-joven-por-amenazas-de-bomba-a-una-escuela","status":"publish","type":"post","link":"https:\/\/eldiariodesanpedro.com.ar\/sitio\/san-nicolas-en-un-juicio-inedito-condenaron-a-un-joven-por-amenazas-de-bomba-a-una-escuela\/","title":{"rendered":"SAN NICOLAS: En un juicio in\u00e9dito, condenaron a un joven por amenazas de bomba a una escuela"},"content":{"rendered":"<!-- VideographyWP Plugin Message: Automatic video embedding prevented by plugin options. -->\n\n<p>El 5 de julio pasado hubo tres amenazas de bombas en sendas escuelas nicole\u00f1as. Hace dos d\u00edas se dio a conocer un fallo en el que un joven fue hallado responsable de intimidaci\u00f3n p\u00fablica por un hecho de 2017 y tendr\u00e1 que cumplir junto a sus padres con distintas obligaciones durante un a\u00f1o hasta que se realice una nueva audiencia para determinar la pena. Sin lugar a dudas, para tener en cuenta.\u00a0<\/p>\n\n\n\n<p>El viernes 5 del corriente, en una muy fr\u00eda ma\u00f1ana, m\u00e1s precisamente a las 7:05 la Vicedirectora de la Escuela Primaria Pompeya sita en calle Alem entre Garibaldi y Pellegrini denunci\u00f3, en comunicaci\u00f3n con la Comisar\u00eda Primera, que recibi\u00f3 un llamado telef\u00f3nico al fijo de la escuela donde daban cuenta que hab\u00eda una bomba en el establecimiento. R\u00e1pidamente los efectivos policiales, con ayuda de los directivos y docentes procedieron a la evacuaci\u00f3n de los pocos alumnos que se hallaban en lugar. Se hicieron presentes peritos en explosivos de la compa\u00f1\u00eda de Bomberos de San Nicol\u00e1s. Posteriormente, habi\u00e9ndose realizado una minuciosa b\u00fasqueda en el establecimiento de la Escuela Pompeya, arroj\u00f3 resultado negativo, no encontr\u00e1ndose elemento alguno de inter\u00e9s que pudiera poner en riesgo la vida de los presentes. Pasado el percance se restableci\u00f3 el normal funcionamiento del establecimiento. La UFI Nro. 1 investiga este hecho.&nbsp;<\/p>\n\n\n\n<p><strong>Aire libre&nbsp;<br><\/strong>Asimismo casi a la misma hora se tom\u00f3 conocimiento que en la Escuela Secundaria Aire Libre, sita en Ameghino 560, recibieron tres llamadas telef\u00f3nicas al Nro. fijo de la escuela, donde una voz masculina refiri\u00f3 amenazas de que har\u00edan volar la escuela. Se inici\u00f3 el protocolo de emergencia procedi\u00e9ndose a la evacuaci\u00f3n de los alumnos que comenzaban a llegar al establecimiento. Tambi\u00e9n se hicieron presentes peritos en explosivos quienes luego de haber realizado una minuciosa b\u00fasqueda en el establecimiento, la misma arroj\u00f3 resultado negativo, no encontr\u00e1ndose elemento alguno de inter\u00e9s. Se restableci\u00f3 tambi\u00e9n el normal funcionamiento del establecimiento. La fiscal\u00eda en turno investiga este hecho y su relaci\u00f3n con las amenazas.&nbsp;<\/p>\n\n\n\n<p><strong>Otra escuela\u00a0<br><\/strong>Episodios similares se vivieron tambi\u00e9n en horas de la tarde en otros establecimientos educativos, como por ejemplo la Escuela de la Paz. Un condenado por caso similar en 2017 El juez Ram\u00f3n Bogado Tula, del Juzgado de Responsabilidad Juvenil N\u00b02 de San Mart\u00edn, declar\u00f3 a un joven penalmente responsable de haber sido autor de llamadas con amenazas de bombas en una escuela del Municipio. Esto fue en un juicio sin precedentes que se realiz\u00f3 en el Tribunal de San Mart\u00edn, donde la Municipalidad de Tres de Febrero se present\u00f3 como particular damnificado. El magistrado se bas\u00f3 en el Art\u00edculo 211 del C\u00f3digo Penal que hace referencia al \u201cdelito de intimidaci\u00f3n p\u00fablica\u201d. En primera instancia, el adolescente deber\u00e1 seguir un tratamiento tutelar durante un a\u00f1o hasta que se realice una nueva audiencia donde se determinar\u00e1 la pena que podr\u00eda ir de 2 a 6 a\u00f1os de prisi\u00f3n. Por la v\u00eda civil, correr\u00e1 la sentencia relacionada con el da\u00f1o econ\u00f3mico para resarcir a la Municipalidad por los recursos estatales que conllevan los protocolos que se pusieron en marcha en estas situaciones. El fallo incluye una serie de obligaciones que tiene que cumplir el joven como concurrir al Centro Socio Comunitario Departamental con frecuencia y modalidad que los profesionales establezcan, continuar con la escolarizaci\u00f3n y con la actividad laboral junto a su padre, seguir un tratamiento psicol\u00f3gico y asistir en forma quincenal ante la sede judicial. Asimismo, tiene que presentarse en talleres, en la Dependencia de Explosivos de San Mart\u00edn y en una entrevista con el sistema 911 para comprender cabalmente la labor de estos organismos ante hechos de emergencia y las consecuencias negativas que generan estas falsas amenazas.\u00a0<\/p>\n\n\n\n<p>\u201cEl fallo nos llama a reflexionar, a aprender y tiene un sentido pedag\u00f3gico\u201d, sostuvo el intendente Diego Valenzuela. \u201cPlantea algunas cuestiones que tienen como objetivo que el joven comprenda lo que est\u00e1 en juego, los recursos estatales que se mueven y lo que sucede en el Estado cuando hay una amenaza de este tipo\u201d, agreg\u00f3. La investigaci\u00f3n hab\u00eda sido realizada por el Ministerio P\u00fablico Fiscal, que realiz\u00f3 allanamientos y determin\u00f3 que el joven estuvo involucrado en un hecho que ocurri\u00f3 en agosto del 2017 en una escuela de Ciudad Jard\u00edn. Durante el juicio, declararon autoridades de la instituci\u00f3n educativa, personal policial, miembros de la Brigada Antibombas de San Mart\u00edn y funcionarios de las carteras de Seguridad, Educaci\u00f3n y Legal y T\u00e9cnica de la Municipalidad. <\/p>\n\n\n\n<p>Fuente: Diario El Norte<\/p>\n","protected":false},"excerpt":{"rendered":"<p>El 5 de julio pasado hubo tres amenazas de bombas en sendas escuelas nicole\u00f1as. Hace dos d\u00edas se dio a conocer un fallo en el que un joven fue hallado responsable de intimidaci\u00f3n p\u00fablica por un hecho de 2017 y tendr\u00e1 que cumplir junto a sus padres con distintas obligaciones durante un a\u00f1o hasta que [&hellip;]<\/p>\n","protected":false},"author":4,"featured_media":56375,"comment_status":"open","ping_status":"closed","sticky":false,"template":"","format":"standard","meta":{"om_disable_all_campaigns":false,"_jetpack_memberships_contains_paid_content":false,"footnotes":""},"categories":[621],"tags":[],"class_list":["post-56373","post","type-post","status-publish","format-standard","has-post-thumbnail","hentry","category-regionales"],"aioseo_notices":[],"gutentor_comment":0,"jetpack_featured_media_url":"https:\/\/eldiariodesanpedro.com.ar\/sitio\/wp-content\/uploads\/2019\/07\/0-3.jpg","jetpack_shortlink":"https:\/\/wp.me\/p6RhLt-eFf","jetpack_sharing_enabled":true,"_links":{"self":[{"href":"https:\/\/eldiariodesanpedro.com.ar\/sitio\/wp-json\/wp\/v2\/posts\/56373","targetHints":{"allow":["GET"]}}],"collection":[{"href":"https:\/\/eldiariodesanpedro.com.ar\/sitio\/wp-json\/wp\/v2\/posts"}],"about":[{"href":"https:\/\/eldiariodesanpedro.com.ar\/sitio\/wp-json\/wp\/v2\/types\/post"}],"author":[{"embeddable":true,"href":"https:\/\/eldiariodesanpedro.com.ar\/sitio\/wp-json\/wp\/v2\/users\/4"}],"replies":[{"embeddable":true,"href":"https:\/\/eldiariodesanpedro.com.ar\/sitio\/wp-json\/wp\/v2\/comments?post=56373"}],"version-history":[{"count":1,"href":"https:\/\/eldiariodesanpedro.com.ar\/sitio\/wp-json\/wp\/v2\/posts\/56373\/revisions"}],"predecessor-version":[{"id":56376,"href":"https:\/\/eldiariodesanpedro.com.ar\/sitio\/wp-json\/wp\/v2\/posts\/56373\/revisions\/56376"}],"wp:featuredmedia":[{"embeddable":true,"href":"https:\/\/eldiariodesanpedro.com.ar\/sitio\/wp-json\/wp\/v2\/media\/56375"}],"wp:attachment":[{"href":"https:\/\/eldiariodesanpedro.com.ar\/sitio\/wp-json\/wp\/v2\/media?parent=56373"}],"wp:term":[{"taxonomy":"category","embeddable":true,"href":"https:\/\/eldiariodesanpedro.com.ar\/sitio\/wp-json\/wp\/v2\/categories?post=56373"},{"taxonomy":"post_tag","embeddable":true,"href":"https:\/\/eldiariodesanpedro.com.ar\/sitio\/wp-json\/wp\/v2\/tags?post=56373"}],"curies":[{"name":"wp","href":"https:\/\/api.w.org\/{rel}","templated":true}]}}