{"id":56368,"date":"2019-07-18T10:17:27","date_gmt":"2019-07-18T13:17:27","guid":{"rendered":"https:\/\/eldiariodesanpedro.com.ar\/sitio\/?p=56368"},"modified":"2019-07-18T10:17:31","modified_gmt":"2019-07-18T13:17:31","slug":"abierta-la-inscripcion-para-ingreso-a-prefectura-naval","status":"publish","type":"post","link":"https:\/\/eldiariodesanpedro.com.ar\/sitio\/abierta-la-inscripcion-para-ingreso-a-prefectura-naval\/","title":{"rendered":"Abierta la inscripci\u00f3n para ingreso a Prefectura Naval"},"content":{"rendered":"<!-- VideographyWP Plugin Message: Automatic video embedding prevented by plugin options. -->\n\n<p>La Prefectura Naval Argentina (PNA) abri\u00f3 la inscripci\u00f3n al ciclo 2020 para las carreras, de 3 a\u00f1os para oficiales, y de 2, para suboficiales en los Institutos de Formaci\u00f3n ubicados en Z\u00e1rate (Buenos Aires). Los interesados deber\u00e1n completar e imprimir el formulario que se encuentra on line en el sitio web de la fuerza y seguir los pasos que ah\u00ed se detallan.<\/p>\n\n\n\n<p>Una vez que los postulantes hayan reunido la totalidad de la documentaci\u00f3n obligatoria deber\u00e1n presentarla, junto al formulario de inscripci\u00f3n, a la Prefectura m\u00e1s cercana a su domicilio o bien, enviar lo requerido por correo postal a: Direcci\u00f3n de Educaci\u00f3n \u2013 Divisi\u00f3n Ingreso y Difusi\u00f3n \u2013 avenida Corrientes 345, piso 12 (C1043AAD), Ciudad Aut\u00f3noma de Buenos Aires (CABA).<\/p>\n\n\n\n<p>En el caso de ser menor de edad, los j\u00f3venes deber\u00e1n presentar una autorizaci\u00f3n del padre, madre o tutor legal. Dicho documento se deber\u00e1 imprimir, completar y certificar ante una autoridad competente (PNA, escribano p\u00fablico o juez de Paz). Los certificados de estudios que deben presentar son, seg\u00fan su situaci\u00f3n acad\u00e9mica, t\u00edtulo secundario, constancia de t\u00edtulo en tr\u00e1mite o constancia de alumno regular (sin adeudar materias de a\u00f1os anteriores).&nbsp;<\/p>\n\n\n\n<p>A partir de este a\u00f1o, Prefectura incorpor\u00f3 un curso de ingreso virtual y obligatorio para todos los postulantes, cuya finalidad es nivelar y fortalecer los saberes y conocimientos. Y, con ello, lograr mejores resultados en los ex\u00e1menes intelectuales. Esa capacitaci\u00f3n a distancia durar\u00e1 un mes y es requisito para pasar la primera etapa de evaluaciones.<\/p>\n\n\n\n<p>Los ex\u00e1menes de ingreso constan de cuatro etapas: intelectual y psicot\u00e9cnico; entrevista psicol\u00f3gica; entrevista inicial; ex\u00e1menes m\u00e9dicos, f\u00edsico y entrevista final.\n\n<\/p>\n","protected":false},"excerpt":{"rendered":"<p>La Prefectura Naval Argentina (PNA) abri\u00f3 la inscripci\u00f3n al ciclo 2020 para las carreras, de 3 a\u00f1os para oficiales, y de 2, para suboficiales en los Institutos de Formaci\u00f3n ubicados en Z\u00e1rate (Buenos Aires). Los interesados deber\u00e1n completar e imprimir el formulario que se encuentra on line en el sitio web de la fuerza y [&hellip;]<\/p>\n","protected":false},"author":4,"featured_media":56371,"comment_status":"open","ping_status":"closed","sticky":false,"template":"","format":"standard","meta":{"om_disable_all_campaigns":false,"_jetpack_memberships_contains_paid_content":false,"footnotes":""},"categories":[621],"tags":[],"class_list":["post-56368","post","type-post","status-publish","format-standard","has-post-thumbnail","hentry","category-regionales"],"aioseo_notices":[],"gutentor_comment":0,"jetpack_featured_media_url":"https:\/\/eldiariodesanpedro.com.ar\/sitio\/wp-content\/uploads\/2019\/07\/no_2y1t45aulv69hdsupraveny_IMG_20190717_213038.jpg","jetpack_shortlink":"https:\/\/wp.me\/p6RhLt-eFa","jetpack_sharing_enabled":true,"_links":{"self":[{"href":"https:\/\/eldiariodesanpedro.com.ar\/sitio\/wp-json\/wp\/v2\/posts\/56368","targetHints":{"allow":["GET"]}}],"collection":[{"href":"https:\/\/eldiariodesanpedro.com.ar\/sitio\/wp-json\/wp\/v2\/posts"}],"about":[{"href":"https:\/\/eldiariodesanpedro.com.ar\/sitio\/wp-json\/wp\/v2\/types\/post"}],"author":[{"embeddable":true,"href":"https:\/\/eldiariodesanpedro.com.ar\/sitio\/wp-json\/wp\/v2\/users\/4"}],"replies":[{"embeddable":true,"href":"https:\/\/eldiariodesanpedro.com.ar\/sitio\/wp-json\/wp\/v2\/comments?post=56368"}],"version-history":[{"count":1,"href":"https:\/\/eldiariodesanpedro.com.ar\/sitio\/wp-json\/wp\/v2\/posts\/56368\/revisions"}],"predecessor-version":[{"id":56372,"href":"https:\/\/eldiariodesanpedro.com.ar\/sitio\/wp-json\/wp\/v2\/posts\/56368\/revisions\/56372"}],"wp:featuredmedia":[{"embeddable":true,"href":"https:\/\/eldiariodesanpedro.com.ar\/sitio\/wp-json\/wp\/v2\/media\/56371"}],"wp:attachment":[{"href":"https:\/\/eldiariodesanpedro.com.ar\/sitio\/wp-json\/wp\/v2\/media?parent=56368"}],"wp:term":[{"taxonomy":"category","embeddable":true,"href":"https:\/\/eldiariodesanpedro.com.ar\/sitio\/wp-json\/wp\/v2\/categories?post=56368"},{"taxonomy":"post_tag","embeddable":true,"href":"https:\/\/eldiariodesanpedro.com.ar\/sitio\/wp-json\/wp\/v2\/tags?post=56368"}],"curies":[{"name":"wp","href":"https:\/\/api.w.org\/{rel}","templated":true}]}}