{"id":56365,"date":"2019-07-18T10:15:00","date_gmt":"2019-07-18T13:15:00","guid":{"rendered":"https:\/\/eldiariodesanpedro.com.ar\/sitio\/?p=56365"},"modified":"2019-07-18T11:00:14","modified_gmt":"2019-07-18T14:00:14","slug":"ahora-si-bedetti-fue-finalmente-detenido","status":"publish","type":"post","link":"https:\/\/eldiariodesanpedro.com.ar\/sitio\/ahora-si-bedetti-fue-finalmente-detenido\/","title":{"rendered":"Ahora si !!! Bedetti fue finalmente detenido"},"content":{"rendered":"<!-- VideographyWP Plugin Message: Automatic video embedding prevented by plugin options. -->\n\n<p>El \u00fanico  sospechoso de haber ingresado a la vivienda de la familia y disparado contra el matrimonio dejando herida de gravedad a la mujer, Victoria Amatriain, fue finalmente detenido. Se trata de Jonatan Bedetti, un peligroso delincuente con frondosos antecedentes y que se encuentra cumpliendo adem\u00e1s, una condena con prisi\u00f3n domiciliaria por tentativa de homicidio en el a\u00f1o 2016.<\/p>\n\n\n\n<p>Un grave hecho delictivo donde hace d\u00edas se intenta dejar detenido a un delincuente que fue identificado por las v\u00edctimas, dos veces.<\/p>\n\n\n\n<p>Un delincuente que no solo est\u00e1 terminando de cumplir una condena con prisi\u00f3n domiciliaria, quien quiz\u00e1s nunca cumpli\u00f3, porque se habla solo de tres hechos que protagoniz\u00f3 y fue identificado; el primero donde sustrae sillas plasticas de una vivienda y fue reducido y golpeado ferozmente por vecinos, el segundo donde ingresa a la propiedad de Alsogaray y casi mata al matrimonio, produciendo varios disparos, y finalmente en el paraje La Tosquera quien protagoniza un tiroteo con las fuerzas policiales que se dirig\u00edan a realizar un allanamiento donde reside, y emprendiendo fuga siendo intensamente buscado por horas, realizando operativos cerrojos, interviniendo varias fuerzas especiales hasta que se logra negociar con su familia y se entrega, donde el Juez no amerita las pruebas suficientes para dejarlo detenido y vuelve a su libertad.<\/p>\n\n\n\n<p>El Dr Marcelo Manso, a cargo de este hecho, expreso a los medios de comunicacion como fue llevando la causa, \u00abhicimos todo lo que estuvo a nuestro alcance para detenerlo, tenemos pruebas directas que es el reconocimiento de las v\u00edctimas y despu\u00e9s tenemos pruebas indirectas donde este sujeto es sorprendido en medio operandi, en otra casa, d\u00edas atr\u00e1s donde es reducido y golpeado por vecinos donde es reconocido tambi\u00e9n\u00bb<\/p>\n\n\n\n<p>\u00abAhora tenemos que esperar, estamos en proceso de producci\u00f3n que depende del laboratorio las pruebas de ADN, peritajes bal\u00edsticos, levantamiento de rastros que todo lleva tiempo, pasa por distintos laboratorios de San Nicolas, La Plata y Jun\u00edn, mas o menos uno o dos meses m\u00e1s\u00bb<\/p>\n\n\n\n<p>\u00abCuando se entrega Bedetti luego del tiroteo genera otra causa distinta que es por \u00abresistencia a la autoridad, abuso de armas y portacion de armas\u00bb, que le pedimos la detenci\u00f3n el mismo dia al Juez, quien no hizo efectiva su detenci\u00f3n por que el entiende que primero tiene que quedar en rechaz\u00f3 el pedido que hizo su abogado defensor previo a la entrega de eximici\u00f3n de prisi\u00f3n \u00bb <\/p>\n\n\n\n<p>Manso tambi\u00e9n se refiri\u00f3 a la causa de su prisi\u00f3n domiciliaria, quien no cumple con el r\u00e9gimen, \u00abno es una causa m\u00eda, pero esta detenido a disposici\u00f3n del tribunal 1 de San Nicolas, nosotros cuando detectamos ese antecedente le pedimos al tribunal que le revoque ese beneficio para por lo menos tenerlo detenido por eso, pero no pudo ser tampoco en ese momento\u00bb<\/p>\n\n\n\n<p>El abogado defensor  del acusado habr\u00eda presentado una eximici\u00f3n de prisi\u00f3n lo que retras\u00f3 a\u00fan m\u00e1s la decisi\u00f3n del Juez de Garant\u00edas quien finalmente este mi\u00e9rcoles,  logra su definitiva detenci\u00f3n  por personal de la Sub DDI San Pedro &#8211; Baradero a cargo del Comisario Horacio Sergio Abalos y del Sub Comisario Luciano Capobianco.<\/p>\n\n\n\n<p>\u00abA un hecho tan grave como este tendr\u00eda que haberse dado la detenci\u00f3n de inmediato,  para nosotros tambien es dificil , hace semanas que este tipo camina por la calle despu\u00e9s de lo que paso, donde se viralizaron los videos por todas las redes\u00bb. <\/p>\n\n\n\n<p>Ahora Bedetti ser\u00e1 puesto nuevamente frente a la justicia quienes, ahora si, tienen pruebas suficientes para dejarlo detenido.<\/p>\n\n\n\n<figure class=\"wp-block-image\"><img decoding=\"async\" width=\"715\" height=\"711\" data-attachment-id=\"56401\" data-permalink=\"https:\/\/eldiariodesanpedro.com.ar\/sitio\/ahora-si-bedetti-fue-finalmente-detenido\/bedetti-detenido\/\" data-orig-file=\"https:\/\/eldiariodesanpedro.com.ar\/sitio\/wp-content\/uploads\/2019\/07\/Bedetti-detenido.jpg\" data-orig-size=\"715,711\" data-comments-opened=\"1\" data-image-meta=\"{&quot;aperture&quot;:&quot;0&quot;,&quot;credit&quot;:&quot;&quot;,&quot;camera&quot;:&quot;&quot;,&quot;caption&quot;:&quot;&quot;,&quot;created_timestamp&quot;:&quot;0&quot;,&quot;copyright&quot;:&quot;&quot;,&quot;focal_length&quot;:&quot;0&quot;,&quot;iso&quot;:&quot;0&quot;,&quot;shutter_speed&quot;:&quot;0&quot;,&quot;title&quot;:&quot;&quot;,&quot;orientation&quot;:&quot;0&quot;}\" data-image-title=\"Bedetti detenido\" data-image-description=\"\" data-image-caption=\"\" data-large-file=\"https:\/\/eldiariodesanpedro.com.ar\/sitio\/wp-content\/uploads\/2019\/07\/Bedetti-detenido.jpg\" data-src=\"https:\/\/eldiariodesanpedro.com.ar\/sitio\/wp-content\/uploads\/2019\/07\/Bedetti-detenido.jpg\" alt=\"\" class=\"wp-image-56401 lazyload\" data-srcset=\"https:\/\/eldiariodesanpedro.com.ar\/sitio\/wp-content\/uploads\/2019\/07\/Bedetti-detenido.jpg 715w, https:\/\/eldiariodesanpedro.com.ar\/sitio\/wp-content\/uploads\/2019\/07\/Bedetti-detenido-150x150.jpg 150w, https:\/\/eldiariodesanpedro.com.ar\/sitio\/wp-content\/uploads\/2019\/07\/Bedetti-detenido-300x298.jpg 300w\" data-sizes=\"(max-width: 715px) 100vw, 715px\" src=\"data:image\/svg+xml;base64,PHN2ZyB3aWR0aD0iMSIgaGVpZ2h0PSIxIiB4bWxucz0iaHR0cDovL3d3dy53My5vcmcvMjAwMC9zdmciPjwvc3ZnPg==\" style=\"--smush-placeholder-width: 715px; --smush-placeholder-aspect-ratio: 715\/711;\" \/><\/figure>\n","protected":false},"excerpt":{"rendered":"<p>El \u00fanico sospechoso de haber ingresado a la vivienda de la familia y disparado contra el matrimonio dejando herida de gravedad a la mujer, Victoria Amatriain, fue finalmente detenido. Se trata de Jonatan Bedetti, un peligroso delincuente con frondosos antecedentes y que se encuentra cumpliendo adem\u00e1s, una condena con prisi\u00f3n domiciliaria por tentativa de homicidio [&hellip;]<\/p>\n","protected":false},"author":4,"featured_media":56380,"comment_status":"open","ping_status":"closed","sticky":false,"template":"","format":"standard","meta":{"om_disable_all_campaigns":false,"_jetpack_memberships_contains_paid_content":false,"footnotes":""},"categories":[50,2,103],"tags":[],"class_list":["post-56365","post","type-post","status-publish","format-standard","has-post-thumbnail","hentry","category-destacadas","category-locales","category-policiales-locales"],"aioseo_notices":[],"gutentor_comment":0,"jetpack_featured_media_url":"https:\/\/eldiariodesanpedro.com.ar\/sitio\/wp-content\/uploads\/2019\/07\/64383373_484659968972269_4489002596899487744_n-3.jpg","jetpack_shortlink":"https:\/\/wp.me\/p6RhLt-eF7","jetpack_sharing_enabled":true,"_links":{"self":[{"href":"https:\/\/eldiariodesanpedro.com.ar\/sitio\/wp-json\/wp\/v2\/posts\/56365","targetHints":{"allow":["GET"]}}],"collection":[{"href":"https:\/\/eldiariodesanpedro.com.ar\/sitio\/wp-json\/wp\/v2\/posts"}],"about":[{"href":"https:\/\/eldiariodesanpedro.com.ar\/sitio\/wp-json\/wp\/v2\/types\/post"}],"author":[{"embeddable":true,"href":"https:\/\/eldiariodesanpedro.com.ar\/sitio\/wp-json\/wp\/v2\/users\/4"}],"replies":[{"embeddable":true,"href":"https:\/\/eldiariodesanpedro.com.ar\/sitio\/wp-json\/wp\/v2\/comments?post=56365"}],"version-history":[{"count":4,"href":"https:\/\/eldiariodesanpedro.com.ar\/sitio\/wp-json\/wp\/v2\/posts\/56365\/revisions"}],"predecessor-version":[{"id":56402,"href":"https:\/\/eldiariodesanpedro.com.ar\/sitio\/wp-json\/wp\/v2\/posts\/56365\/revisions\/56402"}],"wp:featuredmedia":[{"embeddable":true,"href":"https:\/\/eldiariodesanpedro.com.ar\/sitio\/wp-json\/wp\/v2\/media\/56380"}],"wp:attachment":[{"href":"https:\/\/eldiariodesanpedro.com.ar\/sitio\/wp-json\/wp\/v2\/media?parent=56365"}],"wp:term":[{"taxonomy":"category","embeddable":true,"href":"https:\/\/eldiariodesanpedro.com.ar\/sitio\/wp-json\/wp\/v2\/categories?post=56365"},{"taxonomy":"post_tag","embeddable":true,"href":"https:\/\/eldiariodesanpedro.com.ar\/sitio\/wp-json\/wp\/v2\/tags?post=56365"}],"curies":[{"name":"wp","href":"https:\/\/api.w.org\/{rel}","templated":true}]}}