{"id":56362,"date":"2019-07-18T09:27:56","date_gmt":"2019-07-18T12:27:56","guid":{"rendered":"https:\/\/eldiariodesanpedro.com.ar\/sitio\/?p=56362"},"modified":"2019-07-18T09:28:00","modified_gmt":"2019-07-18T12:28:00","slug":"asalto-a-farmacia-allanamientos-y-un-aprehendido","status":"publish","type":"post","link":"https:\/\/eldiariodesanpedro.com.ar\/sitio\/asalto-a-farmacia-allanamientos-y-un-aprehendido\/","title":{"rendered":"Asalto a Farmacia: Allanamientos y un aprehendido"},"content":{"rendered":"<!-- VideographyWP Plugin Message: Automatic video embedding prevented by plugin options. -->\n\n<p>Luego de arduas tareas investigativas el personal de comisar\u00eda logra obtener las diligencias de urgencia para ingresar a dos domicilios donde se encontrarian los autores del violento robo a la farmacia de este lunes 15 por la tarde noche. <\/p>\n\n\n\n<p>Los procedimientos se realizaron este mi\u00e9rcoles por la tarde, extendi\u00e9ndose orden de allanamiento solicitada por la justicia ordinaria, para con el domicilio en Miguel Porta al 1700\u00a0 y en Davila al 1000.<\/p>\n\n\n\n<p>En el primer domicilio se logra secuestro de inter\u00e9s,\u00a0prendas de vestir y est\u00e9reo de autom\u00f3vil. <\/p>\n\n\n\n<p>En el segundo objetivo, residiendo un menor de edad, procedi\u00e9ndose al  secuestro de una r\u00e9plica de  arma de fuego, posiblemente utilizada para la comisi\u00f3n\u00a0\u00a0del hecho delictual y \u00a0prendas de vestir. <\/p>\n\n\n\n<p>Recordemos que el violento asalto tuvo como protagonistas a dos malvivientes que ingresaron a punta de pistola, los rostros semicubiertos y amenazaron a una empleada de 25 a\u00f1os de edad, exigiendo dinero en efectivo.<\/p>\n\n\n\n<p>Se trat\u00f3 de una farmacia ubicada en 11 de Septiembre al 1500, la cual encontraba abierta al p\u00fablica cuando fue sorprendida por los sujetos que finalmente logran sustraer la caja registradora y emprender a la fuga.<\/p>\n\n\n\n<p>Las investigaciones contaron con c\u00e1maras de seguridad para dar con la autoria de los malvivientes, m\u00e1s los datos que pudo recaudar la fiscalia se lograron los allanamientos de urgencia.<\/p>\n\n\n\n<p>En ambos domicilios se secuestraron elementos vinculados al hecho y fueron aprehendidos un mayor de edad, y estar\u00eda un menor involucrado, donde interviene la fiscalia del joven.<\/p>\n\n\n\n<p><br><\/p>\n","protected":false},"excerpt":{"rendered":"<p>Luego de arduas tareas investigativas el personal de comisar\u00eda logra obtener las diligencias de urgencia para ingresar a dos domicilios donde se encontrarian los autores del violento robo a la farmacia de este lunes 15 por la tarde noche. Los procedimientos se realizaron este mi\u00e9rcoles por la tarde, extendi\u00e9ndose orden de allanamiento solicitada por la [&hellip;]<\/p>\n","protected":false},"author":4,"featured_media":56363,"comment_status":"open","ping_status":"closed","sticky":false,"template":"","format":"standard","meta":{"om_disable_all_campaigns":false,"_jetpack_memberships_contains_paid_content":false,"footnotes":""},"categories":[50,2,103],"tags":[],"class_list":["post-56362","post","type-post","status-publish","format-standard","has-post-thumbnail","hentry","category-destacadas","category-locales","category-policiales-locales"],"aioseo_notices":[],"gutentor_comment":0,"jetpack_featured_media_url":"https:\/\/eldiariodesanpedro.com.ar\/sitio\/wp-content\/uploads\/2019\/07\/2019-07-16-1.png","jetpack_shortlink":"https:\/\/wp.me\/p6RhLt-eF4","jetpack_sharing_enabled":true,"_links":{"self":[{"href":"https:\/\/eldiariodesanpedro.com.ar\/sitio\/wp-json\/wp\/v2\/posts\/56362","targetHints":{"allow":["GET"]}}],"collection":[{"href":"https:\/\/eldiariodesanpedro.com.ar\/sitio\/wp-json\/wp\/v2\/posts"}],"about":[{"href":"https:\/\/eldiariodesanpedro.com.ar\/sitio\/wp-json\/wp\/v2\/types\/post"}],"author":[{"embeddable":true,"href":"https:\/\/eldiariodesanpedro.com.ar\/sitio\/wp-json\/wp\/v2\/users\/4"}],"replies":[{"embeddable":true,"href":"https:\/\/eldiariodesanpedro.com.ar\/sitio\/wp-json\/wp\/v2\/comments?post=56362"}],"version-history":[{"count":1,"href":"https:\/\/eldiariodesanpedro.com.ar\/sitio\/wp-json\/wp\/v2\/posts\/56362\/revisions"}],"predecessor-version":[{"id":56364,"href":"https:\/\/eldiariodesanpedro.com.ar\/sitio\/wp-json\/wp\/v2\/posts\/56362\/revisions\/56364"}],"wp:featuredmedia":[{"embeddable":true,"href":"https:\/\/eldiariodesanpedro.com.ar\/sitio\/wp-json\/wp\/v2\/media\/56363"}],"wp:attachment":[{"href":"https:\/\/eldiariodesanpedro.com.ar\/sitio\/wp-json\/wp\/v2\/media?parent=56362"}],"wp:term":[{"taxonomy":"category","embeddable":true,"href":"https:\/\/eldiariodesanpedro.com.ar\/sitio\/wp-json\/wp\/v2\/categories?post=56362"},{"taxonomy":"post_tag","embeddable":true,"href":"https:\/\/eldiariodesanpedro.com.ar\/sitio\/wp-json\/wp\/v2\/tags?post=56362"}],"curies":[{"name":"wp","href":"https:\/\/api.w.org\/{rel}","templated":true}]}}