{"id":5634,"date":"2016-06-21T19:25:32","date_gmt":"2016-06-21T22:25:32","guid":{"rendered":"https:\/\/eldiariodesanpedro.com.ar\/sitio\/?p=5634"},"modified":"2016-06-21T19:25:32","modified_gmt":"2016-06-21T22:25:32","slug":"rompieron-la-luneta-trasera-de-un-auto-a-un-turista","status":"publish","type":"post","link":"https:\/\/eldiariodesanpedro.com.ar\/sitio\/rompieron-la-luneta-trasera-de-un-auto-a-un-turista\/","title":{"rendered":"Rompieron la luneta trasera de un auto a un turista"},"content":{"rendered":"<p><!-- VideographyWP Plugin Message: Automatic video embedding prevented by plugin options. --><br \/>\nEl due\u00f1o del rodado, oriundo de La Plata, radic\u00f3 la denuncia en la comisar\u00eda, donde explic\u00f3 que se hallaba visitando la ciudad con motivo del feriado largo.<br \/>\nEl hombre dej\u00f3 estacionado su veh\u00edculo, marca Citro\u00ebn C3, color negro, en calle Bartolom\u00e9 Mitre y la peatonal, y a su regreso constat\u00f3 que autores ignorados le hab\u00edan da\u00f1ado el vidrio de la luneta trasera con una piedra. Sin embargo, no registr\u00f3 faltante de elementos en el interior del rodado.<br \/>\nSe labraron actuaciones de rigor, con intervenci\u00f3n de la UFI N\u00ba 7, la que caratul\u00f3 el hecho como \u201cDa\u00f1o\u201d.<\/p>\n","protected":false},"excerpt":{"rendered":"<p>El due\u00f1o del rodado, oriundo de La Plata, radic\u00f3 la denuncia en la comisar\u00eda, donde explic\u00f3 que se hallaba visitando la ciudad con motivo del feriado largo. El hombre dej\u00f3 estacionado su veh\u00edculo, marca Citro\u00ebn C3, color negro, en calle Bartolom\u00e9 Mitre y la peatonal, y a su regreso constat\u00f3 que autores ignorados le hab\u00edan [&hellip;]<\/p>\n","protected":false},"author":4,"featured_media":5635,"comment_status":"open","ping_status":"closed","sticky":false,"template":"","format":"standard","meta":{"om_disable_all_campaigns":false,"_jetpack_memberships_contains_paid_content":false,"footnotes":""},"categories":[2,103],"tags":[],"class_list":["post-5634","post","type-post","status-publish","format-standard","has-post-thumbnail","hentry","category-locales","category-policiales-locales"],"aioseo_notices":[],"gutentor_comment":0,"jetpack_featured_media_url":"https:\/\/eldiariodesanpedro.com.ar\/sitio\/wp-content\/uploads\/2016\/06\/comisaria-sanpedro.jpg","jetpack_shortlink":"https:\/\/wp.me\/p6RhLt-1sS","jetpack_sharing_enabled":true,"_links":{"self":[{"href":"https:\/\/eldiariodesanpedro.com.ar\/sitio\/wp-json\/wp\/v2\/posts\/5634","targetHints":{"allow":["GET"]}}],"collection":[{"href":"https:\/\/eldiariodesanpedro.com.ar\/sitio\/wp-json\/wp\/v2\/posts"}],"about":[{"href":"https:\/\/eldiariodesanpedro.com.ar\/sitio\/wp-json\/wp\/v2\/types\/post"}],"author":[{"embeddable":true,"href":"https:\/\/eldiariodesanpedro.com.ar\/sitio\/wp-json\/wp\/v2\/users\/4"}],"replies":[{"embeddable":true,"href":"https:\/\/eldiariodesanpedro.com.ar\/sitio\/wp-json\/wp\/v2\/comments?post=5634"}],"version-history":[{"count":1,"href":"https:\/\/eldiariodesanpedro.com.ar\/sitio\/wp-json\/wp\/v2\/posts\/5634\/revisions"}],"predecessor-version":[{"id":5636,"href":"https:\/\/eldiariodesanpedro.com.ar\/sitio\/wp-json\/wp\/v2\/posts\/5634\/revisions\/5636"}],"wp:featuredmedia":[{"embeddable":true,"href":"https:\/\/eldiariodesanpedro.com.ar\/sitio\/wp-json\/wp\/v2\/media\/5635"}],"wp:attachment":[{"href":"https:\/\/eldiariodesanpedro.com.ar\/sitio\/wp-json\/wp\/v2\/media?parent=5634"}],"wp:term":[{"taxonomy":"category","embeddable":true,"href":"https:\/\/eldiariodesanpedro.com.ar\/sitio\/wp-json\/wp\/v2\/categories?post=5634"},{"taxonomy":"post_tag","embeddable":true,"href":"https:\/\/eldiariodesanpedro.com.ar\/sitio\/wp-json\/wp\/v2\/tags?post=5634"}],"curies":[{"name":"wp","href":"https:\/\/api.w.org\/{rel}","templated":true}]}}