{"id":56338,"date":"2019-07-17T19:06:35","date_gmt":"2019-07-17T22:06:35","guid":{"rendered":"https:\/\/eldiariodesanpedro.com.ar\/sitio\/?p=56338"},"modified":"2019-07-17T19:06:39","modified_gmt":"2019-07-17T22:06:39","slug":"avances-en-las-obras-de-la-termoelectrica","status":"publish","type":"post","link":"https:\/\/eldiariodesanpedro.com.ar\/sitio\/avances-en-las-obras-de-la-termoelectrica\/","title":{"rendered":"Avances en las obras de la termoel\u00e9ctrica"},"content":{"rendered":"<!-- VideographyWP Plugin Message: Automatic video embedding prevented by plugin options. -->\n\n<p>El Intendente Municipal Cecilio Salazar, junto a miembros de su gabinete y del HCD, fueron recibidos esta tarde, por ejecutivos de la empresa Araucaria Energy, m\u00e1s precisamente por el CEO de la firma Santiago del Sel y recorrieron las instalaciones de la Central Termoel\u00e9ctrica ubicada en nuestra ciudad.<\/p>\n\n\n\n<p> All\u00ed visitaron los avances en las obras de ampliaci\u00f3n que se llevan a cabo en el lugar y donde pr\u00f3ximamente quedar\u00e1 emplazada una tercera turbina generadora para brindar un mejor y m\u00e1s eficiente servicio el\u00e9ctrico. <\/p>\n\n\n\n<p>Adem\u00e1s se realizar\u00e1 un mejoramiento t\u00e9rmico de la planta, se construir\u00e1 un gasoducto de 5.5 km para conectarse a la v\u00eda principal, propiedad de TGN (transporta gas natural a trav\u00e9s de tuber\u00edas de alta presi\u00f3n en la regi\u00f3n central y norte de Argentina) y en los pr\u00f3ximos meses llegar\u00e1 desde Alemania, una turbina de vapor que va a posicionar a la planta de San Pedro entre las 10 mejores de la Argentina, y un proveedor confiable de energ\u00eda el\u00e9ctrica. <\/p>\n\n\n\n<p>El Jefe Comunal le dio las felicitaciones a los ejecutivos, se mostr\u00f3 muy satisfecho por el trabajo realizado y contento con la posibilidad que brinda la empresa de generar m\u00e1s puestos de trabajo. Adem\u00e1s hizo hincapi\u00e9 en la importancia de apoyar estas iniciativas para potenciar el crecimiento de nuestra ciudad. <\/p>\n\n\n\n<p>Por su parte, Del Sel brind\u00f3 detalles de las obras que se est\u00e1n realizando y agradeci\u00f3 el apoyo, valoraci\u00f3n y colaboraci\u00f3n de los funcionarios.<\/p>\n\n\n\n<p><br><\/p>\n\n\n\n<ul class=\"wp-block-gallery columns-3 is-cropped wp-block-gallery-1 is-layout-flex wp-block-gallery-is-layout-flex\"><li class=\"blocks-gallery-item\"><figure><img decoding=\"async\" width=\"4701\" height=\"3481\" data-attachment-id=\"56339\" data-permalink=\"https:\/\/eldiariodesanpedro.com.ar\/sitio\/avances-en-las-obras-de-la-termoelectrica\/attachment\/53\/\" data-orig-file=\"https:\/\/eldiariodesanpedro.com.ar\/sitio\/wp-content\/uploads\/2019\/07\/53.jpg\" data-orig-size=\"4701,3481\" data-comments-opened=\"1\" data-image-meta=\"{&quot;aperture&quot;:&quot;22&quot;,&quot;credit&quot;:&quot;&quot;,&quot;camera&quot;:&quot;Canon EOS 5D Mark III&quot;,&quot;caption&quot;:&quot;&quot;,&quot;created_timestamp&quot;:&quot;1571059406&quot;,&quot;copyright&quot;:&quot;&quot;,&quot;focal_length&quot;:&quot;24&quot;,&quot;iso&quot;:&quot;400&quot;,&quot;shutter_speed&quot;:&quot;0.005&quot;,&quot;title&quot;:&quot;&quot;,&quot;orientation&quot;:&quot;0&quot;}\" data-image-title=\"5(3)\" data-image-description=\"\" data-image-caption=\"\" data-large-file=\"https:\/\/eldiariodesanpedro.com.ar\/sitio\/wp-content\/uploads\/2019\/07\/53-1024x758.jpg\" data-src=\"https:\/\/i0.wp.com\/eldiariodesanpedro.com.ar\/sitio\/wp-content\/uploads\/2019\/07\/53.jpg?fit=660%2C489\" alt=\"\" data-id=\"56339\" data-link=\"https:\/\/eldiariodesanpedro.com.ar\/sitio\/?attachment_id=56339\" class=\"wp-image-56339 lazyload\" data-srcset=\"https:\/\/eldiariodesanpedro.com.ar\/sitio\/wp-content\/uploads\/2019\/07\/53.jpg 4701w, https:\/\/eldiariodesanpedro.com.ar\/sitio\/wp-content\/uploads\/2019\/07\/53-300x222.jpg 300w, https:\/\/eldiariodesanpedro.com.ar\/sitio\/wp-content\/uploads\/2019\/07\/53-768x569.jpg 768w, https:\/\/eldiariodesanpedro.com.ar\/sitio\/wp-content\/uploads\/2019\/07\/53-1024x758.jpg 1024w\" data-sizes=\"(max-width: 4701px) 100vw, 4701px\" src=\"data:image\/svg+xml;base64,PHN2ZyB3aWR0aD0iMSIgaGVpZ2h0PSIxIiB4bWxucz0iaHR0cDovL3d3dy53My5vcmcvMjAwMC9zdmciPjwvc3ZnPg==\" style=\"--smush-placeholder-width: 4701px; --smush-placeholder-aspect-ratio: 4701\/3481;\" \/><\/figure><\/li><li class=\"blocks-gallery-item\"><figure><img decoding=\"async\" width=\"5760\" height=\"3840\" data-attachment-id=\"56340\" data-permalink=\"https:\/\/eldiariodesanpedro.com.ar\/sitio\/avances-en-las-obras-de-la-termoelectrica\/8-19\/\" data-orig-file=\"https:\/\/eldiariodesanpedro.com.ar\/sitio\/wp-content\/uploads\/2019\/07\/8-1.jpg\" data-orig-size=\"5760,3840\" data-comments-opened=\"1\" data-image-meta=\"{&quot;aperture&quot;:&quot;20&quot;,&quot;credit&quot;:&quot;&quot;,&quot;camera&quot;:&quot;Canon EOS 5D Mark III&quot;,&quot;caption&quot;:&quot;&quot;,&quot;created_timestamp&quot;:&quot;1571058491&quot;,&quot;copyright&quot;:&quot;&quot;,&quot;focal_length&quot;:&quot;24&quot;,&quot;iso&quot;:&quot;200&quot;,&quot;shutter_speed&quot;:&quot;0.005&quot;,&quot;title&quot;:&quot;&quot;,&quot;orientation&quot;:&quot;0&quot;}\" data-image-title=\"8\" data-image-description=\"\" data-image-caption=\"\" data-large-file=\"https:\/\/eldiariodesanpedro.com.ar\/sitio\/wp-content\/uploads\/2019\/07\/8-1-1024x683.jpg\" data-src=\"https:\/\/i1.wp.com\/eldiariodesanpedro.com.ar\/sitio\/wp-content\/uploads\/2019\/07\/8-1.jpg?fit=660%2C440\" alt=\"\" data-id=\"56340\" data-link=\"https:\/\/eldiariodesanpedro.com.ar\/sitio\/?attachment_id=56340\" class=\"wp-image-56340 lazyload\" data-srcset=\"https:\/\/eldiariodesanpedro.com.ar\/sitio\/wp-content\/uploads\/2019\/07\/8-1.jpg 5760w, https:\/\/eldiariodesanpedro.com.ar\/sitio\/wp-content\/uploads\/2019\/07\/8-1-300x200.jpg 300w, https:\/\/eldiariodesanpedro.com.ar\/sitio\/wp-content\/uploads\/2019\/07\/8-1-768x512.jpg 768w, https:\/\/eldiariodesanpedro.com.ar\/sitio\/wp-content\/uploads\/2019\/07\/8-1-1024x683.jpg 1024w\" data-sizes=\"(max-width: 5760px) 100vw, 5760px\" src=\"data:image\/svg+xml;base64,PHN2ZyB3aWR0aD0iMSIgaGVpZ2h0PSIxIiB4bWxucz0iaHR0cDovL3d3dy53My5vcmcvMjAwMC9zdmciPjwvc3ZnPg==\" style=\"--smush-placeholder-width: 5760px; --smush-placeholder-aspect-ratio: 5760\/3840;\" \/><\/figure><\/li><li class=\"blocks-gallery-item\"><figure><img decoding=\"async\" width=\"5059\" height=\"2770\" data-attachment-id=\"56341\" data-permalink=\"https:\/\/eldiariodesanpedro.com.ar\/sitio\/avances-en-las-obras-de-la-termoelectrica\/13-1\/\" data-orig-file=\"https:\/\/eldiariodesanpedro.com.ar\/sitio\/wp-content\/uploads\/2019\/07\/13-1.jpg\" data-orig-size=\"5059,2770\" data-comments-opened=\"1\" data-image-meta=\"{&quot;aperture&quot;:&quot;8&quot;,&quot;credit&quot;:&quot;&quot;,&quot;camera&quot;:&quot;Canon EOS 5D Mark III&quot;,&quot;caption&quot;:&quot;&quot;,&quot;created_timestamp&quot;:&quot;1571058648&quot;,&quot;copyright&quot;:&quot;&quot;,&quot;focal_length&quot;:&quot;105&quot;,&quot;iso&quot;:&quot;100&quot;,&quot;shutter_speed&quot;:&quot;0.002&quot;,&quot;title&quot;:&quot;&quot;,&quot;orientation&quot;:&quot;0&quot;}\" data-image-title=\"13 (1)\" data-image-description=\"\" data-image-caption=\"\" data-large-file=\"https:\/\/eldiariodesanpedro.com.ar\/sitio\/wp-content\/uploads\/2019\/07\/13-1-1024x561.jpg\" data-src=\"https:\/\/i2.wp.com\/eldiariodesanpedro.com.ar\/sitio\/wp-content\/uploads\/2019\/07\/13-1.jpg?fit=660%2C362\" alt=\"\" data-id=\"56341\" data-link=\"https:\/\/eldiariodesanpedro.com.ar\/sitio\/?attachment_id=56341\" class=\"wp-image-56341 lazyload\" data-srcset=\"https:\/\/eldiariodesanpedro.com.ar\/sitio\/wp-content\/uploads\/2019\/07\/13-1.jpg 5059w, https:\/\/eldiariodesanpedro.com.ar\/sitio\/wp-content\/uploads\/2019\/07\/13-1-300x164.jpg 300w, https:\/\/eldiariodesanpedro.com.ar\/sitio\/wp-content\/uploads\/2019\/07\/13-1-768x421.jpg 768w, https:\/\/eldiariodesanpedro.com.ar\/sitio\/wp-content\/uploads\/2019\/07\/13-1-1024x561.jpg 1024w\" data-sizes=\"(max-width: 5059px) 100vw, 5059px\" src=\"data:image\/svg+xml;base64,PHN2ZyB3aWR0aD0iMSIgaGVpZ2h0PSIxIiB4bWxucz0iaHR0cDovL3d3dy53My5vcmcvMjAwMC9zdmciPjwvc3ZnPg==\" style=\"--smush-placeholder-width: 5059px; --smush-placeholder-aspect-ratio: 5059\/2770;\" \/><\/figure><\/li><li class=\"blocks-gallery-item\"><figure><img decoding=\"async\" width=\"5170\" height=\"3459\" data-attachment-id=\"56342\" data-permalink=\"https:\/\/eldiariodesanpedro.com.ar\/sitio\/avances-en-las-obras-de-la-termoelectrica\/16-6\/\" data-orig-file=\"https:\/\/eldiariodesanpedro.com.ar\/sitio\/wp-content\/uploads\/2019\/07\/16.jpg\" data-orig-size=\"5170,3459\" data-comments-opened=\"1\" data-image-meta=\"{&quot;aperture&quot;:&quot;20&quot;,&quot;credit&quot;:&quot;&quot;,&quot;camera&quot;:&quot;Canon EOS 5D Mark III&quot;,&quot;caption&quot;:&quot;&quot;,&quot;created_timestamp&quot;:&quot;1571058423&quot;,&quot;copyright&quot;:&quot;&quot;,&quot;focal_length&quot;:&quot;24&quot;,&quot;iso&quot;:&quot;400&quot;,&quot;shutter_speed&quot;:&quot;0.005&quot;,&quot;title&quot;:&quot;&quot;,&quot;orientation&quot;:&quot;0&quot;}\" data-image-title=\"16\" data-image-description=\"\" data-image-caption=\"\" data-large-file=\"https:\/\/eldiariodesanpedro.com.ar\/sitio\/wp-content\/uploads\/2019\/07\/16-1024x685.jpg\" data-src=\"https:\/\/i1.wp.com\/eldiariodesanpedro.com.ar\/sitio\/wp-content\/uploads\/2019\/07\/16.jpg?fit=660%2C442\" alt=\"\" data-id=\"56342\" data-link=\"https:\/\/eldiariodesanpedro.com.ar\/sitio\/?attachment_id=56342\" class=\"wp-image-56342 lazyload\" data-srcset=\"https:\/\/eldiariodesanpedro.com.ar\/sitio\/wp-content\/uploads\/2019\/07\/16.jpg 5170w, https:\/\/eldiariodesanpedro.com.ar\/sitio\/wp-content\/uploads\/2019\/07\/16-300x201.jpg 300w, https:\/\/eldiariodesanpedro.com.ar\/sitio\/wp-content\/uploads\/2019\/07\/16-768x514.jpg 768w, https:\/\/eldiariodesanpedro.com.ar\/sitio\/wp-content\/uploads\/2019\/07\/16-1024x685.jpg 1024w\" data-sizes=\"(max-width: 5170px) 100vw, 5170px\" src=\"data:image\/svg+xml;base64,PHN2ZyB3aWR0aD0iMSIgaGVpZ2h0PSIxIiB4bWxucz0iaHR0cDovL3d3dy53My5vcmcvMjAwMC9zdmciPjwvc3ZnPg==\" style=\"--smush-placeholder-width: 5170px; --smush-placeholder-aspect-ratio: 5170\/3459;\" \/><\/figure><\/li><\/ul>\n\n\n\n<p><br><\/p>\n","protected":false},"excerpt":{"rendered":"<p>El Intendente Municipal Cecilio Salazar, junto a miembros de su gabinete y del HCD, fueron recibidos esta tarde, por ejecutivos de la empresa Araucaria Energy, m\u00e1s precisamente por el CEO de la firma Santiago del Sel y recorrieron las instalaciones de la Central Termoel\u00e9ctrica ubicada en nuestra ciudad. All\u00ed visitaron los avances en las obras [&hellip;]<\/p>\n","protected":false},"author":4,"featured_media":56343,"comment_status":"open","ping_status":"closed","sticky":false,"template":"","format":"standard","meta":{"om_disable_all_campaigns":false,"_jetpack_memberships_contains_paid_content":false,"footnotes":""},"categories":[50,101,2],"tags":[],"class_list":["post-56338","post","type-post","status-publish","format-standard","has-post-thumbnail","hentry","category-destacadas","category-interes-general-locales","category-locales"],"aioseo_notices":[],"gutentor_comment":0,"jetpack_featured_media_url":"https:\/\/eldiariodesanpedro.com.ar\/sitio\/wp-content\/uploads\/2019\/07\/16-1.jpg","jetpack_shortlink":"https:\/\/wp.me\/p6RhLt-eEG","jetpack_sharing_enabled":true,"_links":{"self":[{"href":"https:\/\/eldiariodesanpedro.com.ar\/sitio\/wp-json\/wp\/v2\/posts\/56338","targetHints":{"allow":["GET"]}}],"collection":[{"href":"https:\/\/eldiariodesanpedro.com.ar\/sitio\/wp-json\/wp\/v2\/posts"}],"about":[{"href":"https:\/\/eldiariodesanpedro.com.ar\/sitio\/wp-json\/wp\/v2\/types\/post"}],"author":[{"embeddable":true,"href":"https:\/\/eldiariodesanpedro.com.ar\/sitio\/wp-json\/wp\/v2\/users\/4"}],"replies":[{"embeddable":true,"href":"https:\/\/eldiariodesanpedro.com.ar\/sitio\/wp-json\/wp\/v2\/comments?post=56338"}],"version-history":[{"count":1,"href":"https:\/\/eldiariodesanpedro.com.ar\/sitio\/wp-json\/wp\/v2\/posts\/56338\/revisions"}],"predecessor-version":[{"id":56344,"href":"https:\/\/eldiariodesanpedro.com.ar\/sitio\/wp-json\/wp\/v2\/posts\/56338\/revisions\/56344"}],"wp:featuredmedia":[{"embeddable":true,"href":"https:\/\/eldiariodesanpedro.com.ar\/sitio\/wp-json\/wp\/v2\/media\/56343"}],"wp:attachment":[{"href":"https:\/\/eldiariodesanpedro.com.ar\/sitio\/wp-json\/wp\/v2\/media?parent=56338"}],"wp:term":[{"taxonomy":"category","embeddable":true,"href":"https:\/\/eldiariodesanpedro.com.ar\/sitio\/wp-json\/wp\/v2\/categories?post=56338"},{"taxonomy":"post_tag","embeddable":true,"href":"https:\/\/eldiariodesanpedro.com.ar\/sitio\/wp-json\/wp\/v2\/tags?post=56338"}],"curies":[{"name":"wp","href":"https:\/\/api.w.org\/{rel}","templated":true}]}}