{"id":56332,"date":"2019-07-17T18:59:29","date_gmt":"2019-07-17T21:59:29","guid":{"rendered":"https:\/\/eldiariodesanpedro.com.ar\/sitio\/?p=56332"},"modified":"2019-07-17T18:59:33","modified_gmt":"2019-07-17T21:59:33","slug":"nuevo-acto-de-firmas-y-escrituras","status":"publish","type":"post","link":"https:\/\/eldiariodesanpedro.com.ar\/sitio\/nuevo-acto-de-firmas-y-escrituras\/","title":{"rendered":"Nuevo acto de firmas y escrituras"},"content":{"rendered":"<!-- VideographyWP Plugin Message: Automatic video embedding prevented by plugin options. -->\n\n<p>La Municipalidad de San Pedro informa, que en el marco del Plan de Regularizaci\u00f3n Dominial, el pr\u00f3ximo&nbsp; d\u00eda Mi\u00e9rcoles 24 de Julio a las 11.00hs se celebrar\u00e1 un nuevo acto de firmas y entrega de escrituras<\/p>\n\n\n\n<p>Dicho acto se llevar\u00e1 a cabo en el Sal\u00f3n Dorado de la municipalidad de San Pedro, sito en la calle Carlos Pellegrini 150,<\/p>\n\n\n\n<p>En esta oportunidad se firmar\u00e1n 50 escrituras de las cuales 21 corresponden al Instituto de la Vivienda, 1 Ley 24.320 y 28 a la Ley 10.830.<\/p>\n\n\n\n<p>Tambi\u00e9n&nbsp;se entregar\u00e1n&nbsp; 68&nbsp; escrituras de las cuales&nbsp; &nbsp;49&nbsp; corresponden a la Ley 10.830 y 19 del Instituto de la Vivienda.<\/p>\n\n\n\n<p>Para m\u00e1s informaci\u00f3n concurrir a la Oficina de Escrituraciones Municipal sita en la calle Eugenio Arnaldo 150 de Lunes a Viernes de 8.00hs a 14.00hs.<\/p>\n\n\n<a href=\"https:\/\/eldiariodesanpedro.com.ar\/sitio\/wp-content\/uploads\/2019\/07\/0214-2019-03-07-2019-SAN-PEDRO-Orden-1-a-50.pdf\" class=\"pdfemb-viewer\" style=\"\" data-width=\"max\" data-height=\"max\" data-toolbar=\"bottom\" data-toolbar-fixed=\"off\">0214-2019-03-07-2019-SAN-PEDRO-Orden-1-a-50<\/a>\n<p class=\"wp-block-pdfemb-pdf-embedder-viewer\"><\/p>\n\n\n<a href=\"https:\/\/eldiariodesanpedro.com.ar\/sitio\/wp-content\/uploads\/2019\/07\/0209-2018-04-07-2019-SAN-PEDRO-Orden-1-a-68.pdf\" class=\"pdfemb-viewer\" style=\"\" data-width=\"max\" data-height=\"max\" data-toolbar=\"bottom\" data-toolbar-fixed=\"off\">0209-2018-04-07-2019-SAN-PEDRO-Orden-1-a-68<\/a>\n<p class=\"wp-block-pdfemb-pdf-embedder-viewer\"><\/p>\n","protected":false},"excerpt":{"rendered":"<p>La Municipalidad de San Pedro informa, que en el marco del Plan de Regularizaci\u00f3n Dominial, el pr\u00f3ximo&nbsp; d\u00eda Mi\u00e9rcoles 24 de Julio a las 11.00hs se celebrar\u00e1 un nuevo acto de firmas y entrega de escrituras Dicho acto se llevar\u00e1 a cabo en el Sal\u00f3n Dorado de la municipalidad de San Pedro, sito en la [&hellip;]<\/p>\n","protected":false},"author":4,"featured_media":56336,"comment_status":"open","ping_status":"closed","sticky":false,"template":"","format":"standard","meta":{"om_disable_all_campaigns":false,"_jetpack_memberships_contains_paid_content":false,"footnotes":""},"categories":[101,2],"tags":[],"class_list":["post-56332","post","type-post","status-publish","format-standard","has-post-thumbnail","hentry","category-interes-general-locales","category-locales"],"aioseo_notices":[],"gutentor_comment":0,"jetpack_featured_media_url":"https:\/\/eldiariodesanpedro.com.ar\/sitio\/wp-content\/uploads\/2019\/07\/1480310263_316159_1480310369_noticia_normal.jpg","jetpack_shortlink":"https:\/\/wp.me\/p6RhLt-eEA","jetpack_sharing_enabled":true,"_links":{"self":[{"href":"https:\/\/eldiariodesanpedro.com.ar\/sitio\/wp-json\/wp\/v2\/posts\/56332","targetHints":{"allow":["GET"]}}],"collection":[{"href":"https:\/\/eldiariodesanpedro.com.ar\/sitio\/wp-json\/wp\/v2\/posts"}],"about":[{"href":"https:\/\/eldiariodesanpedro.com.ar\/sitio\/wp-json\/wp\/v2\/types\/post"}],"author":[{"embeddable":true,"href":"https:\/\/eldiariodesanpedro.com.ar\/sitio\/wp-json\/wp\/v2\/users\/4"}],"replies":[{"embeddable":true,"href":"https:\/\/eldiariodesanpedro.com.ar\/sitio\/wp-json\/wp\/v2\/comments?post=56332"}],"version-history":[{"count":2,"href":"https:\/\/eldiariodesanpedro.com.ar\/sitio\/wp-json\/wp\/v2\/posts\/56332\/revisions"}],"predecessor-version":[{"id":56337,"href":"https:\/\/eldiariodesanpedro.com.ar\/sitio\/wp-json\/wp\/v2\/posts\/56332\/revisions\/56337"}],"wp:featuredmedia":[{"embeddable":true,"href":"https:\/\/eldiariodesanpedro.com.ar\/sitio\/wp-json\/wp\/v2\/media\/56336"}],"wp:attachment":[{"href":"https:\/\/eldiariodesanpedro.com.ar\/sitio\/wp-json\/wp\/v2\/media?parent=56332"}],"wp:term":[{"taxonomy":"category","embeddable":true,"href":"https:\/\/eldiariodesanpedro.com.ar\/sitio\/wp-json\/wp\/v2\/categories?post=56332"},{"taxonomy":"post_tag","embeddable":true,"href":"https:\/\/eldiariodesanpedro.com.ar\/sitio\/wp-json\/wp\/v2\/tags?post=56332"}],"curies":[{"name":"wp","href":"https:\/\/api.w.org\/{rel}","templated":true}]}}