{"id":5632,"date":"2016-06-21T19:21:32","date_gmt":"2016-06-21T22:21:32","guid":{"rendered":"https:\/\/eldiariodesanpedro.com.ar\/sitio\/?p=5632"},"modified":"2016-06-21T19:21:32","modified_gmt":"2016-06-21T22:21:32","slug":"vecinos-detuvieron-a-un-delincuente-que-habia-robado-en-una-casa","status":"publish","type":"post","link":"https:\/\/eldiariodesanpedro.com.ar\/sitio\/vecinos-detuvieron-a-un-delincuente-que-habia-robado-en-una-casa\/","title":{"rendered":"Vecinos detuvieron a un delincuente que hab\u00eda robado en una casa"},"content":{"rendered":"<p><!-- VideographyWP Plugin Message: Automatic video embedding prevented by plugin options. --><br \/>\nPersonal policial de la comisar\u00eda detuvo a un joven malviviente de 18 a\u00f1os que estaba siendo retenido en Brennan y Benefactora Sampedrina por varios vecinos que evitaron que escapara tras protagonizar un il\u00edcito.<br \/>\nMomentos antes, el joven hab\u00eda cometido un robo en una vivienda cercana de donde fue capturado. All\u00ed hab\u00eda sustra\u00eddo dinero en efectivo y tel\u00e9fonos celulares tras ingresar al lugar, abriendo una ventana sin ejercer violencia.<br \/>\nLuego de que advirtiera lo sucedido en la propiedad, el hijo de la damnificada lo persigui\u00f3 y con el acompa\u00f1amiento de otros vecinos le propinaron una serie de golpes, para luego dar aviso a la comisar\u00eda.<br \/>\nUna vez en el lugar, los efectivos retiraron al imputado r\u00e1pidamente, ya que las personas se hallaban exaltadas.<br \/>\nEn la guardia del Hospital, el sujeto recibi\u00f3 atenci\u00f3n m\u00e9dica y all\u00ed se determin\u00f3 que presenta lesiones de car\u00e1cter leve. Intervino la UFI N\u00ba 7.<\/p>\n","protected":false},"excerpt":{"rendered":"<p>Personal policial de la comisar\u00eda detuvo a un joven malviviente de 18 a\u00f1os que estaba siendo retenido en Brennan y Benefactora Sampedrina por varios vecinos que evitaron que escapara tras protagonizar un il\u00edcito. Momentos antes, el joven hab\u00eda cometido un robo en una vivienda cercana de donde fue capturado. All\u00ed hab\u00eda sustra\u00eddo dinero en efectivo [&hellip;]<\/p>\n","protected":false},"author":4,"featured_media":4713,"comment_status":"open","ping_status":"closed","sticky":false,"template":"","format":"standard","meta":{"om_disable_all_campaigns":false,"_jetpack_memberships_contains_paid_content":false,"footnotes":""},"categories":[50,2,103],"tags":[],"class_list":["post-5632","post","type-post","status-publish","format-standard","has-post-thumbnail","hentry","category-destacadas","category-locales","category-policiales-locales"],"aioseo_notices":[],"gutentor_comment":0,"jetpack_featured_media_url":"https:\/\/eldiariodesanpedro.com.ar\/sitio\/wp-content\/uploads\/2016\/05\/detenido.jpg","jetpack_shortlink":"https:\/\/wp.me\/p6RhLt-1sQ","jetpack_sharing_enabled":true,"_links":{"self":[{"href":"https:\/\/eldiariodesanpedro.com.ar\/sitio\/wp-json\/wp\/v2\/posts\/5632","targetHints":{"allow":["GET"]}}],"collection":[{"href":"https:\/\/eldiariodesanpedro.com.ar\/sitio\/wp-json\/wp\/v2\/posts"}],"about":[{"href":"https:\/\/eldiariodesanpedro.com.ar\/sitio\/wp-json\/wp\/v2\/types\/post"}],"author":[{"embeddable":true,"href":"https:\/\/eldiariodesanpedro.com.ar\/sitio\/wp-json\/wp\/v2\/users\/4"}],"replies":[{"embeddable":true,"href":"https:\/\/eldiariodesanpedro.com.ar\/sitio\/wp-json\/wp\/v2\/comments?post=5632"}],"version-history":[{"count":1,"href":"https:\/\/eldiariodesanpedro.com.ar\/sitio\/wp-json\/wp\/v2\/posts\/5632\/revisions"}],"predecessor-version":[{"id":5633,"href":"https:\/\/eldiariodesanpedro.com.ar\/sitio\/wp-json\/wp\/v2\/posts\/5632\/revisions\/5633"}],"wp:featuredmedia":[{"embeddable":true,"href":"https:\/\/eldiariodesanpedro.com.ar\/sitio\/wp-json\/wp\/v2\/media\/4713"}],"wp:attachment":[{"href":"https:\/\/eldiariodesanpedro.com.ar\/sitio\/wp-json\/wp\/v2\/media?parent=5632"}],"wp:term":[{"taxonomy":"category","embeddable":true,"href":"https:\/\/eldiariodesanpedro.com.ar\/sitio\/wp-json\/wp\/v2\/categories?post=5632"},{"taxonomy":"post_tag","embeddable":true,"href":"https:\/\/eldiariodesanpedro.com.ar\/sitio\/wp-json\/wp\/v2\/tags?post=5632"}],"curies":[{"name":"wp","href":"https:\/\/api.w.org\/{rel}","templated":true}]}}