{"id":56316,"date":"2019-07-17T15:29:47","date_gmt":"2019-07-17T18:29:47","guid":{"rendered":"https:\/\/eldiariodesanpedro.com.ar\/sitio\/?p=56316"},"modified":"2019-07-17T15:29:51","modified_gmt":"2019-07-17T18:29:51","slug":"zarate-atucha-ii-paralizada-por-perdida-de-agua-pesada","status":"publish","type":"post","link":"https:\/\/eldiariodesanpedro.com.ar\/sitio\/zarate-atucha-ii-paralizada-por-perdida-de-agua-pesada\/","title":{"rendered":"Z\u00c1RATE: Atucha II paralizada por p\u00e9rdida de agua pesada"},"content":{"rendered":"<!-- VideographyWP Plugin Message: Automatic video embedding prevented by plugin options. -->\n\n<p><strong>Seg\u00fan confirmaron trabajadores de la Central Nuclear ubicada en Lima, tras la ruptura de un ca\u00f1o tuvieron que frenar actividad para evitar posible contaminaci\u00f3n del R\u00edo Paran\u00e1.<\/strong><\/p>\n\n\n\n<p> El hecho ocurri\u00f3 el domingo a la noche y a\u00fan contin\u00faa el cese de trabajo en la planta. Adem\u00e1s, el conflicto se agrava por la huelga que est\u00e1n llevando a cabo los empleados para pedir por la reincorporaci\u00f3n de un compa\u00f1ero despedido el d\u00eda lunes. <\/p>\n\n\n\n<p><strong>Fuente:&nbsp;<\/strong>Noticias Z\u00e1rate Alerta\n\n<\/p>\n","protected":false},"excerpt":{"rendered":"<p>Seg\u00fan confirmaron trabajadores de la Central Nuclear ubicada en Lima, tras la ruptura de un ca\u00f1o tuvieron que frenar actividad para evitar posible contaminaci\u00f3n del R\u00edo Paran\u00e1. El hecho ocurri\u00f3 el domingo a la noche y a\u00fan contin\u00faa el cese de trabajo en la planta. Adem\u00e1s, el conflicto se agrava por la huelga que est\u00e1n [&hellip;]<\/p>\n","protected":false},"author":4,"featured_media":56317,"comment_status":"open","ping_status":"closed","sticky":false,"template":"","format":"standard","meta":{"om_disable_all_campaigns":false,"_jetpack_memberships_contains_paid_content":false,"footnotes":""},"categories":[621],"tags":[],"class_list":["post-56316","post","type-post","status-publish","format-standard","has-post-thumbnail","hentry","category-regionales"],"aioseo_notices":[],"gutentor_comment":0,"jetpack_featured_media_url":"https:\/\/eldiariodesanpedro.com.ar\/sitio\/wp-content\/uploads\/2019\/07\/atucha-221.jpg","jetpack_shortlink":"https:\/\/wp.me\/p6RhLt-eEk","jetpack_sharing_enabled":true,"_links":{"self":[{"href":"https:\/\/eldiariodesanpedro.com.ar\/sitio\/wp-json\/wp\/v2\/posts\/56316","targetHints":{"allow":["GET"]}}],"collection":[{"href":"https:\/\/eldiariodesanpedro.com.ar\/sitio\/wp-json\/wp\/v2\/posts"}],"about":[{"href":"https:\/\/eldiariodesanpedro.com.ar\/sitio\/wp-json\/wp\/v2\/types\/post"}],"author":[{"embeddable":true,"href":"https:\/\/eldiariodesanpedro.com.ar\/sitio\/wp-json\/wp\/v2\/users\/4"}],"replies":[{"embeddable":true,"href":"https:\/\/eldiariodesanpedro.com.ar\/sitio\/wp-json\/wp\/v2\/comments?post=56316"}],"version-history":[{"count":1,"href":"https:\/\/eldiariodesanpedro.com.ar\/sitio\/wp-json\/wp\/v2\/posts\/56316\/revisions"}],"predecessor-version":[{"id":56318,"href":"https:\/\/eldiariodesanpedro.com.ar\/sitio\/wp-json\/wp\/v2\/posts\/56316\/revisions\/56318"}],"wp:featuredmedia":[{"embeddable":true,"href":"https:\/\/eldiariodesanpedro.com.ar\/sitio\/wp-json\/wp\/v2\/media\/56317"}],"wp:attachment":[{"href":"https:\/\/eldiariodesanpedro.com.ar\/sitio\/wp-json\/wp\/v2\/media?parent=56316"}],"wp:term":[{"taxonomy":"category","embeddable":true,"href":"https:\/\/eldiariodesanpedro.com.ar\/sitio\/wp-json\/wp\/v2\/categories?post=56316"},{"taxonomy":"post_tag","embeddable":true,"href":"https:\/\/eldiariodesanpedro.com.ar\/sitio\/wp-json\/wp\/v2\/tags?post=56316"}],"curies":[{"name":"wp","href":"https:\/\/api.w.org\/{rel}","templated":true}]}}