{"id":56313,"date":"2019-07-17T15:24:35","date_gmt":"2019-07-17T18:24:35","guid":{"rendered":"https:\/\/eldiariodesanpedro.com.ar\/sitio\/?p=56313"},"modified":"2019-07-17T15:24:39","modified_gmt":"2019-07-17T18:24:39","slug":"baradero-robo-de-hacienda-policia-rural-inspecciona-carnicerias-de-la-ciudad","status":"publish","type":"post","link":"https:\/\/eldiariodesanpedro.com.ar\/sitio\/baradero-robo-de-hacienda-policia-rural-inspecciona-carnicerias-de-la-ciudad\/","title":{"rendered":"BARADERO | Robo de hacienda: Polic\u00eda Rural inspecciona carnicer\u00edas de la ciudad"},"content":{"rendered":"<!-- VideographyWP Plugin Message: Automatic video embedding prevented by plugin options. -->\n\n<p>Lo confirm\u00f3 en LS2 RADIO 96.9 el subcomisario Ra\u00fal Casta\u00f1o, jefe de la Polic\u00eda Rural de nuestro distrito, quien cont\u00f3 los operativos realizados luego de las denuncias que recibieron en los \u00faltimos d\u00edas sobre el robo de animales en diferentes campos que pertenecen a nuestra localidad<\/p>\n\n\n\n<p>\u201cSucedi\u00f3 la semana pasada y el lunes recibimos otra denuncia, por lo tanto inspeccionamos diferentes carnicer\u00edas\u201d<\/p>\n\n\n\n<p> \u201cUno de los robos fue en frente del cementerio, lo de Palacio, el otro fue en el l\u00edmite con Areco en la Estancia Santa Laura\u201d confirmo Casta\u00f1o.<\/p>\n\n\n\n<p>Fuente: Baradero Hoy<\/p>\n","protected":false},"excerpt":{"rendered":"<p>Lo confirm\u00f3 en LS2 RADIO 96.9 el subcomisario Ra\u00fal Casta\u00f1o, jefe de la Polic\u00eda Rural de nuestro distrito, quien cont\u00f3 los operativos realizados luego de las denuncias que recibieron en los \u00faltimos d\u00edas sobre el robo de animales en diferentes campos que pertenecen a nuestra localidad \u201cSucedi\u00f3 la semana pasada y el lunes recibimos otra [&hellip;]<\/p>\n","protected":false},"author":4,"featured_media":56314,"comment_status":"open","ping_status":"closed","sticky":false,"template":"","format":"standard","meta":{"om_disable_all_campaigns":false,"_jetpack_memberships_contains_paid_content":false,"footnotes":""},"categories":[621],"tags":[],"class_list":["post-56313","post","type-post","status-publish","format-standard","has-post-thumbnail","hentry","category-regionales"],"aioseo_notices":[],"gutentor_comment":0,"jetpack_featured_media_url":"https:\/\/eldiariodesanpedro.com.ar\/sitio\/wp-content\/uploads\/2019\/07\/POL.jpg","jetpack_shortlink":"https:\/\/wp.me\/p6RhLt-eEh","jetpack_sharing_enabled":true,"_links":{"self":[{"href":"https:\/\/eldiariodesanpedro.com.ar\/sitio\/wp-json\/wp\/v2\/posts\/56313","targetHints":{"allow":["GET"]}}],"collection":[{"href":"https:\/\/eldiariodesanpedro.com.ar\/sitio\/wp-json\/wp\/v2\/posts"}],"about":[{"href":"https:\/\/eldiariodesanpedro.com.ar\/sitio\/wp-json\/wp\/v2\/types\/post"}],"author":[{"embeddable":true,"href":"https:\/\/eldiariodesanpedro.com.ar\/sitio\/wp-json\/wp\/v2\/users\/4"}],"replies":[{"embeddable":true,"href":"https:\/\/eldiariodesanpedro.com.ar\/sitio\/wp-json\/wp\/v2\/comments?post=56313"}],"version-history":[{"count":1,"href":"https:\/\/eldiariodesanpedro.com.ar\/sitio\/wp-json\/wp\/v2\/posts\/56313\/revisions"}],"predecessor-version":[{"id":56315,"href":"https:\/\/eldiariodesanpedro.com.ar\/sitio\/wp-json\/wp\/v2\/posts\/56313\/revisions\/56315"}],"wp:featuredmedia":[{"embeddable":true,"href":"https:\/\/eldiariodesanpedro.com.ar\/sitio\/wp-json\/wp\/v2\/media\/56314"}],"wp:attachment":[{"href":"https:\/\/eldiariodesanpedro.com.ar\/sitio\/wp-json\/wp\/v2\/media?parent=56313"}],"wp:term":[{"taxonomy":"category","embeddable":true,"href":"https:\/\/eldiariodesanpedro.com.ar\/sitio\/wp-json\/wp\/v2\/categories?post=56313"},{"taxonomy":"post_tag","embeddable":true,"href":"https:\/\/eldiariodesanpedro.com.ar\/sitio\/wp-json\/wp\/v2\/tags?post=56313"}],"curies":[{"name":"wp","href":"https:\/\/api.w.org\/{rel}","templated":true}]}}